{"id":252655,"date":"2015-10-29T20:39:10","date_gmt":"2015-10-29T20:39:10","guid":{"rendered":"http:\/\/diariodominicano.ddns.net\/?p=252655"},"modified":"2015-10-29T20:39:10","modified_gmt":"2015-10-29T20:39:10","slug":"encuentran-cuerpos-de-militares-espanoles-desaparecidos-en-el-atlantico","status":"publish","type":"post","link":"https:\/\/diariodominicano.com\/?p=252655","title":{"rendered":"Encuentran cuerpos de militares espa\u00f1oles desaparecidos en el Atl\u00e1ntico"},"content":{"rendered":"<p><body><\/p>\n<p><img decoding=\"async\" src=\"img3\/cabina.jpg\" \/>  <\/p>\n<p>MADRID, 29 oct (Xinhua) &#8212; Los equipos de rescate encontraron hoy, dentro de la cabina del helic\u00f3ptero estrellado hace una semana en el oc\u00e9ano Atl\u00e1ntico, los cuerpos de los tres militares espa\u00f1oles que viajaban en el aparato, inform\u00f3 el ministro de Defensa, Pedro Moren\u00e9s.<\/p>\n<\/p>\n<p>El titular de Defensa, dijo este jueves en la base a\u00e9rea de Gando, islas Canarias, que el juez militar comunic\u00f3 al ministro el hallazgo de los cuerpos que estaban a bordo, y de forma inmediata se comunic\u00f3 a la familia.<\/p>\n<\/p>\n<p>\u00abRecuperar los cuerpos y subirlos al buque Rayo con todas las garant\u00edas de seguridad y el buen fin de la operaci\u00f3n\u00bb es el principal objetivo, puntualiz\u00f3 el ministro, que explic\u00f3 las malas condiciones meteorol\u00f3gicas que existen en la zona,las cuales se pueden extender las pr\u00f3ximas horas.<\/p>\n<\/p>\n<p>El izado de la cabina del helic\u00f3ptero es una tarea compleja, en especial si se quieren evitar da\u00f1os durante la maniobra de emergencia, en la que participan 20 buzos, cuya labor se complic\u00f3 por la presencia de olas de hasta cuatro metros de altura.<\/p>\n<\/p>\n<p>La cabina est\u00e1 a unos 40 metros de profundidad y a poca distancia del lugar donde se hundi\u00f3 el Super Puma, a 40 millas al suroeste de Dajla, en el Sahara en la zona marroqu\u00ed.<\/p>\n<\/p>\n<p>El accidente se produjo cuando hace una semana los militares regresaban a su base en Gran Canaria, tras participar en unos ejercicios de entrenamiento en Senegal y hacer una escala para repostar en Mauritania.<\/p>\n<\/p>\n<p>El helic\u00f3ptero desapareci\u00f3 el pasado 22 de octubre 518 kil\u00f3metros al sur de Gran Canaria, fuera de la cobertura de radio y radar desde el archipi\u00e9lago.<\/p>\n<\/p>\n<p>se trata del segundo accidente de este tipo que sufren los helic\u00f3pteros del SAR de la base de Gando en poco m\u00e1s de un a\u00f1o, seg\u00fan fuentes militares. <\/p>\n<h6> 2015-10-29 20:39:10 <\/h6>\n<p><!--\n<link rel=\"stylesheet\" href=\"css\/bootstrap.min.css\">\n\n\n<ul class=\"pagination\">\n\t    \n\t\n\n<li >\n\t<a href='?page_no=22299'>Previous<\/a>\n\t<\/li>\n\n\n       \n    \n\n<li><a href='?page_no=1'>1<\/a><\/li>\n\n\n\n<li><a href='?page_no=2'>2<\/a><\/li>\n\n\n\n<li><a>...<\/a><\/li>\n\n\n\n<li><a href='?page_no=22298'>22298<\/a><\/li>\n\n\n\n<li><a href='?page_no=22299'>22299<\/a><\/li>\n\n\n\n<li class='active'><a>22300<\/a><\/li>\n\n\n\n<li><a href='?page_no=22301'>22301<\/a><\/li>\n\n\n\n<li><a href='?page_no=22302'>22302<\/a><\/li>\n\n\n\n<li><a>...<\/a><\/li>\n\n\n\n<li><a href='?page_no=51012'>51012<\/a><\/li>\n\n\n\n<li><a href='?page_no=51013'>51013<\/a><\/li>\n\n    \n\t\n\n<li >\n\t<a href='?page_no=22301'>Next<\/a>\n\t<\/li>\n\n\n    \n\n<li><a href='?page_no=51013'>Last &rsaquo;&rsaquo;<\/a><\/li>\n\n<\/ul>\n\n\n--><br \/>\n<\/body><\/p>\n","protected":false},"excerpt":{"rendered":"<p>MADRID, 29 oct (Xinhua) &#8212; Los equipos de rescate encontraron hoy, dentro de la cabina del helic\u00f3ptero estrellado hace una semana en el oc\u00e9ano Atl\u00e1ntico, los cuerpos de los tres militares espa\u00f1oles que viajaban en el aparato, inform\u00f3 el ministro de Defensa, Pedro Moren\u00e9s. El titular de Defensa, dijo este jueves en la base a\u00e9rea [&hellip;]<\/p>\n","protected":false},"author":3,"featured_media":0,"comment_status":"open","ping_status":"open","sticky":false,"template":"","format":"standard","meta":{"footnotes":""},"categories":[23],"tags":[],"class_list":["post-252655","post","type-post","status-publish","format-standard","hentry","category-internacional"],"_links":{"self":[{"href":"https:\/\/diariodominicano.com\/index.php?rest_route=\/wp\/v2\/posts\/252655","targetHints":{"allow":["GET"]}}],"collection":[{"href":"https:\/\/diariodominicano.com\/index.php?rest_route=\/wp\/v2\/posts"}],"about":[{"href":"https:\/\/diariodominicano.com\/index.php?rest_route=\/wp\/v2\/types\/post"}],"author":[{"embeddable":true,"href":"https:\/\/diariodominicano.com\/index.php?rest_route=\/wp\/v2\/users\/3"}],"replies":[{"embeddable":true,"href":"https:\/\/diariodominicano.com\/index.php?rest_route=%2Fwp%2Fv2%2Fcomments&post=252655"}],"version-history":[{"count":0,"href":"https:\/\/diariodominicano.com\/index.php?rest_route=\/wp\/v2\/posts\/252655\/revisions"}],"wp:attachment":[{"href":"https:\/\/diariodominicano.com\/index.php?rest_route=%2Fwp%2Fv2%2Fmedia&parent=252655"}],"wp:term":[{"taxonomy":"category","embeddable":true,"href":"https:\/\/diariodominicano.com\/index.php?rest_route=%2Fwp%2Fv2%2Fcategories&post=252655"},{"taxonomy":"post_tag","embeddable":true,"href":"https:\/\/diariodominicano.com\/index.php?rest_route=%2Fwp%2Fv2%2Ftags&post=252655"}],"curies":[{"name":"wp","href":"https:\/\/api.w.org\/{rel}","templated":true}]}}