{"id":252652,"date":"2015-10-30T13:31:17","date_gmt":"2015-10-30T13:31:17","guid":{"rendered":"http:\/\/diariodominicano.ddns.net\/?p=252652"},"modified":"2015-10-30T13:31:17","modified_gmt":"2015-10-30T13:31:17","slug":"en-siria-con-el-arma-en-una-mano-y-la-solucion-politica-en-la-otra","status":"publish","type":"post","link":"https:\/\/diariodominicano.com\/?p=252652","title":{"rendered":"&#13;En Siria, con el arma en una mano y la soluci\u00f3n pol\u00edtica en la otra"},"content":{"rendered":"<p><body><\/p>\n<p><img decoding=\"async\" src=\"img3\/hunein-nemer1.jpg\" \/>  <\/p>\n<\/p>\n<p>Por Miguel Fern\u00e1ndez Mart\u00ednez<\/p>\n<\/p>\n<p>Damasco, 30 oct (PL) Para Hunein Nemer, secretario general del Partido Comunista Unido de Siria (PCUS), su consigna m\u00e1s importante es mantener las armas en una mano y la soluci\u00f3n pol\u00edtica en la otra, para defender a su patria y librarla del terrorismo.<\/p>\n<\/p>\n<p>Aprovechando que por estos d\u00edas se celebra en esta capital el XII Congreso del PCUS, Prensa Latina convers\u00f3 con Nemer acerca de la situaci\u00f3n que se vive en el Levante, y c\u00f3mo los comunistas sirios se integran a la batalla para aniquilar al terrorismo.<\/p>\n<\/p>\n<p>\u00abLa postura de nuestro Partido al respecto -explica-, y su principal prioridad es defender a Siria y librarla del terrorismo, pero tambi\u00e9n apoyamos todos los esfuerzos pol\u00edticos que desempe\u00f1an Ir\u00e1n y Rusia para resolver la crisis\u00bb.<\/p>\n<\/p>\n<p>\u00abActualmente somos parte del gobierno, y el partido gobernante (al-Baath \u00c1rabe Socialista) apoya esa tendencia: defender primero a la Patria y despu\u00e9s buscar una soluci\u00f3n a la crisis\u00bb.<\/p>\n<\/p>\n<p>Nemer est\u00e1 confiado que despu\u00e9s de m\u00e1s de cuatro a\u00f1os de guerra, el pueblo sirio no abandonar\u00e1 las armas hasta aniquilar el \u00faltimo vestigio del extremismo takfirista impuesto por los grandes c\u00edrculos de poder de Occidente.<\/p>\n<\/p>\n<p>\u00abEsa es la estrategia de nuestro partido en la actual fase, y despu\u00e9s que consigamos librarnos del terrorismo, quedan muchas batallas internas por enfrentar\u00bb, subraya.<\/p>\n<\/p>\n<p>El l\u00edder comunista explic\u00f3 que los costos econ\u00f3micos y sociales de esta guerra de agresi\u00f3n son demasiado elevados, las p\u00e9rdidas de la econom\u00eda siria se estiman en unos 230 mil millones de d\u00f3lares, hay alrededor de cuatro millones de refugiados en otras naciones, \u00aby queremos devolverlos al pa\u00eds y garantizarles viviendas\u00bb.<\/p>\n<\/p>\n<p>\u00abTenemos que recuperar m\u00e1s de mil 200 f\u00e1bricas e industrias que fueron destruidas por completo y algunas que fueron trasladadas desde Alepo a Turqu\u00eda, robadas por los turcos. Tendremos que recuperarlas o construir otras\u00bb, enfatiza.<\/p>\n<\/p>\n<p>\u00abDescubrimos que dentro del pueblo sirio -comenta-, sembraron el extremismo religioso y eso impuls\u00f3 a una parte de la juventud a incorporarse a los grupos terroristas, y nos tocar\u00e1 en el futuro rehabilitarlos ideol\u00f3gicamente\u00bb.<\/p>\n<\/p>\n<p>Otro de los renglones m\u00e1s sensibles son los hospitales, muchos de ellos devastados y destruidos, adem\u00e1s de la agricultura y su infraestructura que est\u00e1n seriamente afectadas, y alrededor de medio mill\u00f3n de ni\u00f1os sirios que no pueden acudir a las escuelas porque fueron destruidas, o porque los terroristas lo impiden.<\/p>\n<\/p>\n<p>\u00abEstamos planteando la idea de reconstruir el pa\u00eds -nos dice- cuando termine esta guerra, y a pesar de ella, el Estado sirio sigue fuerte y firme, pese a todo lo que sucede\u00bb.<\/p>\n<\/p>\n<p>\u00abTodos tendremos una alta responsabilidad en la reconstrucci\u00f3n y tendremos que buscar financiamiento y apoyo con los amigos de Siria, entre los que contaremos con Ir\u00e1n y Rusia.<\/p>\n<\/p>\n<p>\u00bfPOR QU\u00c9 AGREDIR A SIRIA? <\/p>\n<\/p>\n<p>El secretario general del Partido Comunista Unido explica que desde la fundaci\u00f3n del sistema de gobierno en Siria hace 40 a\u00f1os, se lucha contra la hegemon\u00eda internacional y el imperialismo.<\/p>\n<\/p>\n<p>\u00abDespu\u00e9s de la invasi\u00f3n militar de Estados Unidos a Iraq, en 2003, aqu\u00ed vino el exsecretario de Estado norteamericano, Collin Powell y le dijo al presidente Bashar al-Assad que ya los estadounidenses \u00aberan sus vecinos\u00bb, y amenaz\u00f3 descaradamente al gobierno sirio, exigiendo cumpliera un grupo de demandas de Washington\u00bb.<\/p>\n<\/p>\n<p>\u00abEntre esas demandas -a\u00f1ade- estaban dejar de apoyar a la resistencia en Iraq, frenar el apoyo a la causa palestina, cortar las relaciones con las fuerzas nacionalistas en El L\u00edbano, y \u00abpidi\u00f3\u00bb que Siria deb\u00eda apoyar los planteamientos de Washington en todos los foros internacionales\u00bb.<\/p>\n<\/p>\n<p>Tambi\u00e9n exigi\u00f3 que se eliminara el sector p\u00fablico e insertarse en una econom\u00eda de mercado libre, que el gobierno de Siria no interfiriera en el mercado internacional del trigo y que se privatizaran los sistemas de distribuci\u00f3n de electricidad, agua y comunicaciones\u00bb.<\/p>\n<\/p>\n<p>\u00abEstas demandas de Estados Unidos constitu\u00edan una injerencia flagrante en los asuntos internos sirios y era obvio que Siria las rechazara, por eso Washington nunca ha tolerado a este gobierno por negarse a cumplir sus \u00f3rdenes\u00bb, asegur\u00f3 Nemer.<\/p>\n<\/p>\n<p>El veterano comunista asegura que desde mediados de la d\u00e9cada de 1950, la Casa Blanca empez\u00f3 a fraguar complots, hacer planes, firmar contratos secretos con gobiernos que siguieran sus pautas, y Siria fue el \u00fanico pa\u00eds de la regi\u00f3n que rechaz\u00f3 esos pactos.<\/p>\n<\/p>\n<p>\u00abDesde entonces comenzaron a conspirar contra Siria, por ser el \u00fanico pa\u00eds que se convirti\u00f3 en un obst\u00e1culo contra la expansi\u00f3n norteamericana en el Medio Oriente. Ser\u00eda demasiado largo contabilizar los tantos planes fabricados por Estados Unidos contra nuestro pueblo\u00bb, enfatiza.<\/p>\n<\/p>\n<p>\u00abEl plan norteamericano para Siria era dividirla en cuatro pa\u00edses, justific\u00e1ndolo en factores de tipo \u00e9tnico y religioso, y quedar\u00eda un Estado gobernado por chi\u00edtas, otro por sunnitas, uno por los kurdos y otro por los alawitas y as\u00ed fragmentar\u00edan y debilitar\u00edan nuestro territorio\u00bb.<\/p>\n<\/p>\n<p>\u00abEn este momento -subraya-, Estados Unidos se convenci\u00f3 de su fracaso para derrocar al gobierno sirio y Rusia asumi\u00f3 una postura muy fuerte a nuestro lado, e intervino de forma pol\u00edtica y militar, de una manera que Washington no puede ignorar el rol de los rusos en este conflicto\u00bb.<\/p>\n<\/p>\n<p>\u00abPor eso no abandonaremos las armas -insiste-, aunque apoyemos las opciones pac\u00edficas, pero garantizando siempre nuestra independencia y soberan\u00eda nacional\u00bb.<\/p>\n<h6> 2015-10-30 13:31:17 <\/h6>\n<p><!--\n<link rel=\"stylesheet\" href=\"css\/bootstrap.min.css\">\n\n\n<ul class=\"pagination\">\n\t    \n\t\n\n<li >\n\t<a href='?page_no=22296'>Previous<\/a>\n\t<\/li>\n\n\n       \n    \n\n<li><a href='?page_no=1'>1<\/a><\/li>\n\n\n\n<li><a href='?page_no=2'>2<\/a><\/li>\n\n\n\n<li><a>...<\/a><\/li>\n\n\n\n<li><a href='?page_no=22295'>22295<\/a><\/li>\n\n\n\n<li><a href='?page_no=22296'>22296<\/a><\/li>\n\n\n\n<li class='active'><a>22297<\/a><\/li>\n\n\n\n<li><a href='?page_no=22298'>22298<\/a><\/li>\n\n\n\n<li><a href='?page_no=22299'>22299<\/a><\/li>\n\n\n\n<li><a>...<\/a><\/li>\n\n\n\n<li><a href='?page_no=51012'>51012<\/a><\/li>\n\n\n\n<li><a href='?page_no=51013'>51013<\/a><\/li>\n\n    \n\t\n\n<li >\n\t<a href='?page_no=22298'>Next<\/a>\n\t<\/li>\n\n\n    \n\n<li><a href='?page_no=51013'>Last &rsaquo;&rsaquo;<\/a><\/li>\n\n<\/ul>\n\n\n--><br \/>\n<\/body><\/p>\n","protected":false},"excerpt":{"rendered":"<p>Por Miguel Fern\u00e1ndez Mart\u00ednez Damasco, 30 oct (PL) Para Hunein Nemer, secretario general del Partido Comunista Unido de Siria (PCUS), su consigna m\u00e1s importante es mantener las armas en una mano y la soluci\u00f3n pol\u00edtica en la otra, para defender a su patria y librarla del terrorismo. Aprovechando que por estos d\u00edas se celebra en [&hellip;]<\/p>\n","protected":false},"author":3,"featured_media":0,"comment_status":"open","ping_status":"open","sticky":false,"template":"","format":"standard","meta":{"footnotes":""},"categories":[23],"tags":[],"class_list":["post-252652","post","type-post","status-publish","format-standard","hentry","category-internacional"],"_links":{"self":[{"href":"https:\/\/diariodominicano.com\/index.php?rest_route=\/wp\/v2\/posts\/252652","targetHints":{"allow":["GET"]}}],"collection":[{"href":"https:\/\/diariodominicano.com\/index.php?rest_route=\/wp\/v2\/posts"}],"about":[{"href":"https:\/\/diariodominicano.com\/index.php?rest_route=\/wp\/v2\/types\/post"}],"author":[{"embeddable":true,"href":"https:\/\/diariodominicano.com\/index.php?rest_route=\/wp\/v2\/users\/3"}],"replies":[{"embeddable":true,"href":"https:\/\/diariodominicano.com\/index.php?rest_route=%2Fwp%2Fv2%2Fcomments&post=252652"}],"version-history":[{"count":0,"href":"https:\/\/diariodominicano.com\/index.php?rest_route=\/wp\/v2\/posts\/252652\/revisions"}],"wp:attachment":[{"href":"https:\/\/diariodominicano.com\/index.php?rest_route=%2Fwp%2Fv2%2Fmedia&parent=252652"}],"wp:term":[{"taxonomy":"category","embeddable":true,"href":"https:\/\/diariodominicano.com\/index.php?rest_route=%2Fwp%2Fv2%2Fcategories&post=252652"},{"taxonomy":"post_tag","embeddable":true,"href":"https:\/\/diariodominicano.com\/index.php?rest_route=%2Fwp%2Fv2%2Ftags&post=252652"}],"curies":[{"name":"wp","href":"https:\/\/api.w.org\/{rel}","templated":true}]}}