{"id":252650,"date":"2015-10-30T13:39:03","date_gmt":"2015-10-30T13:39:03","guid":{"rendered":"http:\/\/diariodominicano.ddns.net\/?p=252650"},"modified":"2015-10-30T13:39:03","modified_gmt":"2015-10-30T13:39:03","slug":"tsipras-expresa-verguenza-por-incapacidad-de-europa-ante-refugiados","status":"publish","type":"post","link":"https:\/\/diariodominicano.com\/?p=252650","title":{"rendered":"&#13;Tsipras expresa verg\u00fcenza por incapacidad de Europa ante refugiados\t &#13;"},"content":{"rendered":"<p><body><\/p>\n<p><img decoding=\"async\" src=\"img3\/tsipras-ue.jpg\" \/>  <\/p>\n<p> Primer Ministro de Grecia, Alexis TsiprasAtenas, 30 oct (PL). El Primer Ministro de Grecia, Alexis Tsipras, realiz\u00f3 hoy un duro discurso en el Parlamento nacional ante la negligente respuesta de la Uni\u00f3n Europea (UE) ante la crisis de los refugiados, el mismo d\u00eda en que sucedieron 22 nuevas muertes.<\/p>\n<\/p>\n<p>\u00abComo l\u00edder europeo, siento verg\u00fcenza por la incapacidad de Europa para defender sus valores\u00bb, asegur\u00f3 Tsipras adem\u00e1s de pedir, ante \u00abotra tragedia humanitaria\u00bb, soluciones para evitar que el mar Egeo se convierta en un cementerio para quienes huyen de la guerra y la miseria y buscan seguridad en el norte de Europa.<\/p>\n<\/p>\n<p>A\u00f1adi\u00f3 que \u00abnuestro primer deber es salvar vidas y no permitir que el Egeo se convierta en un cementerio\u00bb, haciendo hincapi\u00e9 en que no estaban demandando dinero a sus socios europeos, sino la necesidad de detener el aumento de muertes.<\/p>\n<\/p>\n<p>Los \u00faltimos dos siniestros, ocurridos esta madrugada en las islas orientales de Kalimnos y Rodas, dejaron un balance de 22 personas fallecidas, entre ellas ocho ni\u00f1os y tres beb\u00e9s, y tres desaparecidos, por lo que la cifra de decesos de los \u00faltimos tres d\u00edas se acerca a 50.<\/p>\n<\/p>\n<p>Adem\u00e1s las autoridades griegas elevaron hoy a 16 el n\u00famero de muertos, de ellos 12 ni\u00f1os, en el naufragio ocurrido el mi\u00e9rcoles en la isla de Lesbos, donde otras 274 personas fueron rescatadas y una m\u00e1s contin\u00faa en paradero desconocido.<\/p>\n<\/p>\n<p>De acuerdo con los datos policiales Lesbos est\u00e1 acogiendo a la mayor parte de los refugiados desde que aument\u00f3 el movimiento de desplazados hacia Grecia, con la llegada desde las costas de la cercana Turqu\u00eda de m\u00e1s de 300 mil personas en lo que va de a\u00f1o, un tercio de las cuales lo hicieron en octubre.<\/p>\n<\/p>\n<p>La Uni\u00f3n Europea sigue demostrando que su \u00fanico inter\u00e9s es la protecci\u00f3n de sus fronteras, ignorando que los movimientos migratorios no pueden ser detenidos por la fuerza o con vallas y alambradas, sino mediante la mejora de la situaci\u00f3n en los pa\u00edses de origen.<\/p>\n<h6> 2015-10-30 13:39:03 <\/h6>\n<p><!--\n<link rel=\"stylesheet\" href=\"css\/bootstrap.min.css\">\n\n\n<ul class=\"pagination\">\n\t    \n\t\n\n<li >\n\t<a href='?page_no=22294'>Previous<\/a>\n\t<\/li>\n\n\n       \n    \n\n<li><a href='?page_no=1'>1<\/a><\/li>\n\n\n\n<li><a href='?page_no=2'>2<\/a><\/li>\n\n\n\n<li><a>...<\/a><\/li>\n\n\n\n<li><a href='?page_no=22293'>22293<\/a><\/li>\n\n\n\n<li><a href='?page_no=22294'>22294<\/a><\/li>\n\n\n\n<li class='active'><a>22295<\/a><\/li>\n\n\n\n<li><a href='?page_no=22296'>22296<\/a><\/li>\n\n\n\n<li><a href='?page_no=22297'>22297<\/a><\/li>\n\n\n\n<li><a>...<\/a><\/li>\n\n\n\n<li><a href='?page_no=51012'>51012<\/a><\/li>\n\n\n\n<li><a href='?page_no=51013'>51013<\/a><\/li>\n\n    \n\t\n\n<li >\n\t<a href='?page_no=22296'>Next<\/a>\n\t<\/li>\n\n\n    \n\n<li><a href='?page_no=51013'>Last &rsaquo;&rsaquo;<\/a><\/li>\n\n<\/ul>\n\n\n--><br \/>\n<\/body><\/p>\n","protected":false},"excerpt":{"rendered":"<p>Primer Ministro de Grecia, Alexis TsiprasAtenas, 30 oct (PL). El Primer Ministro de Grecia, Alexis Tsipras, realiz\u00f3 hoy un duro discurso en el Parlamento nacional ante la negligente respuesta de la Uni\u00f3n Europea (UE) ante la crisis de los refugiados, el mismo d\u00eda en que sucedieron 22 nuevas muertes. \u00abComo l\u00edder europeo, siento verg\u00fcenza por [&hellip;]<\/p>\n","protected":false},"author":3,"featured_media":0,"comment_status":"open","ping_status":"open","sticky":false,"template":"","format":"standard","meta":{"footnotes":""},"categories":[23],"tags":[],"class_list":["post-252650","post","type-post","status-publish","format-standard","hentry","category-internacional"],"_links":{"self":[{"href":"https:\/\/diariodominicano.com\/index.php?rest_route=\/wp\/v2\/posts\/252650","targetHints":{"allow":["GET"]}}],"collection":[{"href":"https:\/\/diariodominicano.com\/index.php?rest_route=\/wp\/v2\/posts"}],"about":[{"href":"https:\/\/diariodominicano.com\/index.php?rest_route=\/wp\/v2\/types\/post"}],"author":[{"embeddable":true,"href":"https:\/\/diariodominicano.com\/index.php?rest_route=\/wp\/v2\/users\/3"}],"replies":[{"embeddable":true,"href":"https:\/\/diariodominicano.com\/index.php?rest_route=%2Fwp%2Fv2%2Fcomments&post=252650"}],"version-history":[{"count":0,"href":"https:\/\/diariodominicano.com\/index.php?rest_route=\/wp\/v2\/posts\/252650\/revisions"}],"wp:attachment":[{"href":"https:\/\/diariodominicano.com\/index.php?rest_route=%2Fwp%2Fv2%2Fmedia&parent=252650"}],"wp:term":[{"taxonomy":"category","embeddable":true,"href":"https:\/\/diariodominicano.com\/index.php?rest_route=%2Fwp%2Fv2%2Fcategories&post=252650"},{"taxonomy":"post_tag","embeddable":true,"href":"https:\/\/diariodominicano.com\/index.php?rest_route=%2Fwp%2Fv2%2Ftags&post=252650"}],"curies":[{"name":"wp","href":"https:\/\/api.w.org\/{rel}","templated":true}]}}