{"id":252637,"date":"2015-10-30T21:57:06","date_gmt":"2015-10-30T21:57:06","guid":{"rendered":"http:\/\/diariodominicano.ddns.net\/?p=252637"},"modified":"2015-10-30T21:57:06","modified_gmt":"2015-10-30T21:57:06","slug":"vargas-llosa-senala-que-atacar-a-los-inmigrantes-es-una-gran-insensatez","status":"publish","type":"post","link":"https:\/\/diariodominicano.com\/?p=252637","title":{"rendered":"Vargas Llosa se\u00f1ala que \u00abatacar a los inmigrantes es una gran insensatez\u00bb"},"content":{"rendered":"<p><body><\/p>\n<p><img decoding=\"async\" src=\"img3\/mgvargas00.jpg\" \/>  <\/p>\n<p>Declar\u00f3 en el Festival Internacional de Literatura que se celebra en Houston (Texas)<\/p>\n<p>Destac\u00f3 que Estados Unidos ha sido construido por inmigrantes<\/p>\n<p>Asegur\u00f3 que Venezuela es un peligro para el resto de Am\u00e9rica Latina<\/p>\n<\/p>\n<p>El escritor ganador del premio Nobel Mario Vargas Llosa posa para una fotograf\u00eda antes de atender un evento el 9 de junio de 2015, en Madrid, Espa\u00f1a. Gonzalo Arroyo Moreno Getty Images<\/p>\n<p>Agencia EFE<\/p>\n<p>HOUSTON <\/p>\n<p>El escritor Mario Vargas Llosa se\u00f1al\u00f3 este viernes que atacar a los inmigrantes en un pa\u00eds como Estados Unidos, que fue \u00abconstruido\u00bb por ellos, es una \u00abcontradicci\u00f3n\u00bb y una \u00abgran insensatez\u00bb, que \u00abagravia\u00bb la mejor tradici\u00f3n del pa\u00eds.<\/p>\n<p>El escritor, objeto de un tributo en el Festival Internacional de Literatura que desde este viernes se celebra en la ciudad de Houston (Texas), se\u00f1al\u00f3 que las cr\u00edticas a los inmigrantes hechas por el precandidato republicano Donald Trump \u00abest\u00e1n impregnadas de racismo, que es siempre una fuente de violencia terrible\u00bb.<\/p>\n<p>\u00abHay que ser sumamente severos contra quienes, como \u00e9l (Trump), apelan a esos prejuicios y lugares comunes que presentan a los inmigrantes como un enemigo, como un peligro para la salud social\u00bb, manifest\u00f3 en rueda de prensa el premio Nobel de Literatura.<\/p>\n<p>El autor de \u00abLa casa verde\u00bb destac\u00f3 que \u00abel mundo vino a Estados Unidos, y el mundo entero ha colaborado en la creaci\u00f3n de un pa\u00eds que est\u00e1 a la cabeza de la modernidad\u00bb, lo cual refuerza la idea de que \u00abla inmigraci\u00f3n siempre ha tra\u00eddo mas beneficios que perjuicios a las sociedades receptoras\u00bb.<\/p>\n<p>Vargas Llosa se refiri\u00f3 a la situaci\u00f3n de Venezuela, un pa\u00eds que est\u00e1 controlado por un \u00abr\u00e9gimen autoritario\u00bb que se encuentra \u00abal borde del abismo\u00bb y cuya existencia es \u00abun peligro para el resto de Am\u00e9rica Latina\u00bb.<\/p>\n<p>\u00abEl chavismo es un llamado de atenci\u00f3n para el resto de Am\u00e9rica Latina para no caer en el populismo y en el delirio mesi\u00e1nico\u00bb, manifest\u00f3 el escritor, tras celebrar el \u00abfracaso\u00bb de las \u00abambiciones ecum\u00e9nicas\u00bb de ese movimiento de querer \u00abllevar la revoluci\u00f3n del siglo XXI a toda la regi\u00f3n\u00bb.<\/p>\n<p>El novelista deplor\u00f3 que en el pa\u00eds latinoamericano \u00ablas voces cr\u00edticas encuentran cada vez menos espacios para manifestarse\u00bb y no dud\u00f3 de que si hubieran \u00abelecciones libres\u00bb la oposici\u00f3n ganar\u00eda \u00aby quiz\u00e1s el pa\u00eds comenzar\u00eda a enderezar\u00bb.<\/p>\n<p>Vargas Llosa, que como parte de este festival ma\u00f1ana participar\u00e1 en varias actividades en la Universidad Rice, afirm\u00f3 que en Am\u00e9rica Latina \u00abhay una literatura brillante y de mucha originalidad\u00bb, pero que persigue principalmente \u00abentretener\u00bb y generar \u00abun efecto pasajero y superficial en los lectores\u00bb.<\/p>\n<p>\u00abLa cultura de nuestro tiempo est\u00e1 cada vez m\u00e1s orientada hacia el entretenimiento y la diversi\u00f3n\u00bb, lament\u00f3 el escritor, quien agreg\u00f3 que \u00abla influencia de la cultura de la imagen\u00bb de nuestros d\u00edas tiene una \u00abfuerza arrolladora\u00bb y, ante ella, \u00abla literatura siempre estar\u00e1 derrotada\u00bb y relegada a una \u00abminor\u00eda grande\u00bb que puede \u00abencogerse cada vez m\u00e1s\u00bb.<\/p>\n<p>\u00abSi la literatura queda muy marginada, creo que una fuente riqu\u00edsima de lo que es el progreso humano va a verse cegada\u00bb, advirti\u00f3 Vargas Llosa, que lament\u00f3 la \u00abcreencia equivocada de que la literatura es una especie de placer suntuario\u00bb y que, por tanto, no se debe inculcar para formar \u00abun ciudadano de nuestro tiempo\u00bb.<\/p>\n<p>Nacido en Arequipa (Per\u00fa), en 1936, Vargas Llosa recibi\u00f3 el premio Nobel en 2010 por el conjunto de su obra, veinte a\u00f1os despu\u00e9s de que lo obtuviera otro latinoamericano, Octavio Paz, en 1990.<\/p>\n<p>Las novelas que le catapultaron a la primera fila de las letras en espa\u00f1ol fueron, entre otras, \u00abLa Casa Verde\u00bb, \u00abLa ciudad y los perros\u00bb, \u00abConversaci\u00f3n en la catedral\u00bb, \u00abLa t\u00eda Julio y el escribidor\u00bb o \u00abLa fiesta del chivo\u00bb.<\/p>\n<p>El Festival Internacional de Literatura es organizado por la Casa Cultural de Las Am\u00e9ricas (CCA) y cuenta con escritores invitados de Argentina, Colombia, Ecuador, M\u00e9xico, Per\u00fa, Estados Unidos y Uruguay. EFEUSA<\/p>\n<p>ap\/lce\/arm<\/p>\n<p>|K:CUL:CULTURA-ESPECTACULOS,LITERATURA-LIBROS|<\/p>\n<p>|Q:ACE:es:01010000:Arte, cultura y espect\u00e1culos:Literatura|<\/p>\n<p>|P:USA|<\/p>\n<p>10\/30\/22-56\/15<\/p>\n<\/p>\n<h6> 2015-10-30 21:57:06 <\/h6>\n<p><!--\n<link rel=\"stylesheet\" href=\"css\/bootstrap.min.css\">\n\n\n<ul class=\"pagination\">\n\t    \n\t\n\n<li >\n\t<a href='?page_no=22281'>Previous<\/a>\n\t<\/li>\n\n\n       \n    \n\n<li><a href='?page_no=1'>1<\/a><\/li>\n\n\n\n<li><a href='?page_no=2'>2<\/a><\/li>\n\n\n\n<li><a>...<\/a><\/li>\n\n\n\n<li><a href='?page_no=22280'>22280<\/a><\/li>\n\n\n\n<li><a href='?page_no=22281'>22281<\/a><\/li>\n\n\n\n<li class='active'><a>22282<\/a><\/li>\n\n\n\n<li><a href='?page_no=22283'>22283<\/a><\/li>\n\n\n\n<li><a href='?page_no=22284'>22284<\/a><\/li>\n\n\n\n<li><a>...<\/a><\/li>\n\n\n\n<li><a href='?page_no=51012'>51012<\/a><\/li>\n\n\n\n<li><a href='?page_no=51013'>51013<\/a><\/li>\n\n    \n\t\n\n<li >\n\t<a href='?page_no=22283'>Next<\/a>\n\t<\/li>\n\n\n    \n\n<li><a href='?page_no=51013'>Last &rsaquo;&rsaquo;<\/a><\/li>\n\n<\/ul>\n\n\n--><br \/>\n<\/body><\/p>\n","protected":false},"excerpt":{"rendered":"<p>Declar\u00f3 en el Festival Internacional de Literatura que se celebra en Houston (Texas) Destac\u00f3 que Estados Unidos ha sido construido por inmigrantes Asegur\u00f3 que Venezuela es un peligro para el resto de Am\u00e9rica Latina El escritor ganador del premio Nobel Mario Vargas Llosa posa para una fotograf\u00eda antes de atender un evento el 9 de [&hellip;]<\/p>\n","protected":false},"author":3,"featured_media":0,"comment_status":"open","ping_status":"open","sticky":false,"template":"","format":"standard","meta":{"footnotes":""},"categories":[23],"tags":[],"class_list":["post-252637","post","type-post","status-publish","format-standard","hentry","category-internacional"],"_links":{"self":[{"href":"https:\/\/diariodominicano.com\/index.php?rest_route=\/wp\/v2\/posts\/252637","targetHints":{"allow":["GET"]}}],"collection":[{"href":"https:\/\/diariodominicano.com\/index.php?rest_route=\/wp\/v2\/posts"}],"about":[{"href":"https:\/\/diariodominicano.com\/index.php?rest_route=\/wp\/v2\/types\/post"}],"author":[{"embeddable":true,"href":"https:\/\/diariodominicano.com\/index.php?rest_route=\/wp\/v2\/users\/3"}],"replies":[{"embeddable":true,"href":"https:\/\/diariodominicano.com\/index.php?rest_route=%2Fwp%2Fv2%2Fcomments&post=252637"}],"version-history":[{"count":0,"href":"https:\/\/diariodominicano.com\/index.php?rest_route=\/wp\/v2\/posts\/252637\/revisions"}],"wp:attachment":[{"href":"https:\/\/diariodominicano.com\/index.php?rest_route=%2Fwp%2Fv2%2Fmedia&parent=252637"}],"wp:term":[{"taxonomy":"category","embeddable":true,"href":"https:\/\/diariodominicano.com\/index.php?rest_route=%2Fwp%2Fv2%2Fcategories&post=252637"},{"taxonomy":"post_tag","embeddable":true,"href":"https:\/\/diariodominicano.com\/index.php?rest_route=%2Fwp%2Fv2%2Ftags&post=252637"}],"curies":[{"name":"wp","href":"https:\/\/api.w.org\/{rel}","templated":true}]}}