{"id":252631,"date":"2015-10-31T12:34:00","date_gmt":"2015-10-31T12:34:00","guid":{"rendered":"http:\/\/diariodominicano.ddns.net\/?p=252631"},"modified":"2015-10-31T12:34:00","modified_gmt":"2015-10-31T12:34:00","slug":"rusia-advierte-sobre-envio-de-tropas-especiales-de-ee-uu-a-siria","status":"publish","type":"post","link":"https:\/\/diariodominicano.com\/?p=252631","title":{"rendered":"Rusia advierte sobre env\u00edo de tropas especiales de EE.UU. a Siria"},"content":{"rendered":"<p><body><\/p>\n<p><img decoding=\"async\" src=\"img3\/rusia 1.jpg\" \/>  <\/p>\n<p>Mosc\u00fa, Rusia 31 oct (PL) La portavoz de la canciller\u00eda de Rusia, Maria Zajarova, advirti\u00f3 hoy sobre un anunciado env\u00edo de tropas estadounidenses a Siria y la ineludible coordinaci\u00f3n militar con su pa\u00eds en la lucha contra los terroristas.(PLRadio)<\/p>\n<\/p>\n<p>Al comentar la informaci\u00f3n circulada la v\u00edspera, Zajarova dijo creer en acciones coordinadas de los efectivos norteamericanos y militares rusos, y en el cese de la propaganda contra Mosc\u00fa.<\/p>\n<\/p>\n<p>Se refiri\u00f3 la diplom\u00e1tica al anuncio formulado ayer por el secretario de Estado John Kerry acerca de la intenci\u00f3n de Washington de desplegar en la naci\u00f3n \u00e1rabe una agrupaci\u00f3n terrestre de asalto.<\/p>\n<\/p>\n<p>Coment\u00f3 que resultaba extra\u00f1a esa decisi\u00f3n, cuando en el \u00faltimo mes Estados Unidos arremeti\u00f3 su propaganda informativa asustando al mundo con un \u00absegundo Afganist\u00e1n por parte de Rusia\u00bb, al referirse a la operaci\u00f3n de la aviaci\u00f3n militar rusa, iniciada el 30 de septiembre, a petici\u00f3n del presidente sirio, Bashar Al Assad.<\/p>\n<\/p>\n<p>Desde Washington, el Pent\u00e1gono anunci\u00f3 ayer que desplegar\u00eda tropas especiales en el norte del territorio sirio presumiblemente para \u00abapoyar a las fuerzas locales en tierra\u00bb, en menci\u00f3n a las milicias kurdas.<\/p>\n<\/p>\n<p>Una agrupaci\u00f3n de hasta 50 combatientes participar\u00e1 en una \u00abmisi\u00f3n a gran escala\u00bb, la cual, seg\u00fan la fuente, no estar\u00eda acompa\u00f1ada por grupos locales, y dirigida solo contra el Estado Isl\u00e1mico, conforme al comunicado.<\/p>\n<\/p>\n<p>La misma fuente reiter\u00f3 que continuar\u00eda el apoyo a los kurdos y a otras agrupaciones armadas que combaten a los terroristas, en la l\u00ednea independiente que persiste de rearme a organizaciones enfrentadas al gobierno de Assad.<\/p>\n<\/p>\n<p>Se conoci\u00f3 tambi\u00e9n que el presidente Barack Obama dio el visto bueno al env\u00edo del comando especial al norte de Siria. La Casa Blanca decidi\u00f3 asimismo reforzar su flotilla de los aviones de asalto A-10 y los cazas F-15 en la base turca de Incirlik con el fin de incrementar los bombardeos sobre las posiciones del Estado Isl\u00e1mico.<\/p>\n<\/p>\n<p>Hace unos d\u00edas el cotidiano The Washington Post inform\u00f3 que Obama evaluaba las recomendaciones de los consejeros en torno a una mayor participaci\u00f3n estadounidense en las operaciones militares en Siria e Iraq.<\/p>\n<h6> 2015-10-31 12:34:00 <\/h6>\n<p><!--\n<link rel=\"stylesheet\" href=\"css\/bootstrap.min.css\">\n\n\n<ul class=\"pagination\">\n\t    \n\t\n\n<li >\n\t<a href='?page_no=22275'>Previous<\/a>\n\t<\/li>\n\n\n       \n    \n\n<li><a href='?page_no=1'>1<\/a><\/li>\n\n\n\n<li><a href='?page_no=2'>2<\/a><\/li>\n\n\n\n<li><a>...<\/a><\/li>\n\n\n\n<li><a href='?page_no=22274'>22274<\/a><\/li>\n\n\n\n<li><a href='?page_no=22275'>22275<\/a><\/li>\n\n\n\n<li class='active'><a>22276<\/a><\/li>\n\n\n\n<li><a href='?page_no=22277'>22277<\/a><\/li>\n\n\n\n<li><a href='?page_no=22278'>22278<\/a><\/li>\n\n\n\n<li><a>...<\/a><\/li>\n\n\n\n<li><a href='?page_no=51012'>51012<\/a><\/li>\n\n\n\n<li><a href='?page_no=51013'>51013<\/a><\/li>\n\n    \n\t\n\n<li >\n\t<a href='?page_no=22277'>Next<\/a>\n\t<\/li>\n\n\n    \n\n<li><a href='?page_no=51013'>Last &rsaquo;&rsaquo;<\/a><\/li>\n\n<\/ul>\n\n\n--><br \/>\n<\/body><\/p>\n","protected":false},"excerpt":{"rendered":"<p>Mosc\u00fa, Rusia 31 oct (PL) La portavoz de la canciller\u00eda de Rusia, Maria Zajarova, advirti\u00f3 hoy sobre un anunciado env\u00edo de tropas estadounidenses a Siria y la ineludible coordinaci\u00f3n militar con su pa\u00eds en la lucha contra los terroristas.(PLRadio) Al comentar la informaci\u00f3n circulada la v\u00edspera, Zajarova dijo creer en acciones coordinadas de los efectivos [&hellip;]<\/p>\n","protected":false},"author":3,"featured_media":0,"comment_status":"open","ping_status":"open","sticky":false,"template":"","format":"standard","meta":{"footnotes":""},"categories":[23],"tags":[],"class_list":["post-252631","post","type-post","status-publish","format-standard","hentry","category-internacional"],"_links":{"self":[{"href":"https:\/\/diariodominicano.com\/index.php?rest_route=\/wp\/v2\/posts\/252631","targetHints":{"allow":["GET"]}}],"collection":[{"href":"https:\/\/diariodominicano.com\/index.php?rest_route=\/wp\/v2\/posts"}],"about":[{"href":"https:\/\/diariodominicano.com\/index.php?rest_route=\/wp\/v2\/types\/post"}],"author":[{"embeddable":true,"href":"https:\/\/diariodominicano.com\/index.php?rest_route=\/wp\/v2\/users\/3"}],"replies":[{"embeddable":true,"href":"https:\/\/diariodominicano.com\/index.php?rest_route=%2Fwp%2Fv2%2Fcomments&post=252631"}],"version-history":[{"count":0,"href":"https:\/\/diariodominicano.com\/index.php?rest_route=\/wp\/v2\/posts\/252631\/revisions"}],"wp:attachment":[{"href":"https:\/\/diariodominicano.com\/index.php?rest_route=%2Fwp%2Fv2%2Fmedia&parent=252631"}],"wp:term":[{"taxonomy":"category","embeddable":true,"href":"https:\/\/diariodominicano.com\/index.php?rest_route=%2Fwp%2Fv2%2Fcategories&post=252631"},{"taxonomy":"post_tag","embeddable":true,"href":"https:\/\/diariodominicano.com\/index.php?rest_route=%2Fwp%2Fv2%2Ftags&post=252631"}],"curies":[{"name":"wp","href":"https:\/\/api.w.org\/{rel}","templated":true}]}}