{"id":252630,"date":"2015-10-31T12:39:45","date_gmt":"2015-10-31T12:39:45","guid":{"rendered":"http:\/\/diariodominicano.ddns.net\/?p=252630"},"modified":"2015-10-31T12:39:45","modified_gmt":"2015-10-31T12:39:45","slug":"comercio-china-cuba-aumento-en-2015","status":"publish","type":"post","link":"https:\/\/diariodominicano.com\/?p=252630","title":{"rendered":"Comercio China-Cuba aument\u00f3 en 2015"},"content":{"rendered":"<p><body><\/p>\n<p><img decoding=\"async\" src=\"img3\/china 1.jpg\" \/>  <\/p>\n<p>Beijing, 31 octubre (PL) El intercambio comercial entre China y Cuba aument\u00f3 en los primeros nueve meses de este a\u00f1o a mil 596 millones de d\u00f3lares, un 57 por ciento m\u00e1s que en igual etapa de 2014, destac\u00f3 hoy la prensa local.<\/p>\n<\/p>\n<p>De acuerdo con rotativos chinos, tales declaraciones fueron realizadas por Ma Keqiang, consejero econ\u00f3mico de la embajada china en La Habana.<\/p>\n<\/p>\n<p>Ese nivel de intercambios ratifica a China como el segundo socio comercial de Cuba a nivel mundial, despu\u00e9s de Venezuela, declar\u00f3 el diplom\u00e1tico.<\/p>\n<\/p>\n<p>En la etapa analizada las exportaciones de China hacia La Habana llegaron a unos mil 330 millones de d\u00f3lares, lo que representa un incremento del 82,4 por ciento, en tanto las ventas de Cuba a su socio comercial se redujeron, por reducciones en el N\u00edquel, uno de los renglones principales en las transacciones bilaterales, acot\u00f3 Ma.<\/p>\n<\/p>\n<p>Sin embargo, en aras de acrecentar a\u00fan m\u00e1s estos intercambios, grupos empresariales de China participar\u00e1n en la XXXIII Feria Internacional de La Habana, que tendr\u00e1 lugar del 2 al 7 de noviembre pr\u00f3ximo en la isla caribe\u00f1a.<\/p>\n<\/p>\n<p>En lo referente a ese encuentro, Ma anunci\u00f3 que m\u00e1s de 40 empresas de esta naci\u00f3n asistir\u00e1n con una variada muestra de productos de los sectores automotor, de electrodom\u00e9sticos, maquinarias y de la industria ligera, entre otros.<\/p>\n<h6> 2015-10-31 12:39:45 <\/h6>\n<p><!--\n<link rel=\"stylesheet\" href=\"css\/bootstrap.min.css\">\n\n\n<ul class=\"pagination\">\n\t    \n\t\n\n<li >\n\t<a href='?page_no=22274'>Previous<\/a>\n\t<\/li>\n\n\n       \n    \n\n<li><a href='?page_no=1'>1<\/a><\/li>\n\n\n\n<li><a href='?page_no=2'>2<\/a><\/li>\n\n\n\n<li><a>...<\/a><\/li>\n\n\n\n<li><a href='?page_no=22273'>22273<\/a><\/li>\n\n\n\n<li><a href='?page_no=22274'>22274<\/a><\/li>\n\n\n\n<li class='active'><a>22275<\/a><\/li>\n\n\n\n<li><a href='?page_no=22276'>22276<\/a><\/li>\n\n\n\n<li><a href='?page_no=22277'>22277<\/a><\/li>\n\n\n\n<li><a>...<\/a><\/li>\n\n\n\n<li><a href='?page_no=51012'>51012<\/a><\/li>\n\n\n\n<li><a href='?page_no=51013'>51013<\/a><\/li>\n\n    \n\t\n\n<li >\n\t<a href='?page_no=22276'>Next<\/a>\n\t<\/li>\n\n\n    \n\n<li><a href='?page_no=51013'>Last &rsaquo;&rsaquo;<\/a><\/li>\n\n<\/ul>\n\n\n--><br \/>\n<\/body><\/p>\n","protected":false},"excerpt":{"rendered":"<p>Beijing, 31 octubre (PL) El intercambio comercial entre China y Cuba aument\u00f3 en los primeros nueve meses de este a\u00f1o a mil 596 millones de d\u00f3lares, un 57 por ciento m\u00e1s que en igual etapa de 2014, destac\u00f3 hoy la prensa local. De acuerdo con rotativos chinos, tales declaraciones fueron realizadas por Ma Keqiang, consejero [&hellip;]<\/p>\n","protected":false},"author":3,"featured_media":0,"comment_status":"open","ping_status":"open","sticky":false,"template":"","format":"standard","meta":{"footnotes":""},"categories":[23],"tags":[],"class_list":["post-252630","post","type-post","status-publish","format-standard","hentry","category-internacional"],"_links":{"self":[{"href":"https:\/\/diariodominicano.com\/index.php?rest_route=\/wp\/v2\/posts\/252630","targetHints":{"allow":["GET"]}}],"collection":[{"href":"https:\/\/diariodominicano.com\/index.php?rest_route=\/wp\/v2\/posts"}],"about":[{"href":"https:\/\/diariodominicano.com\/index.php?rest_route=\/wp\/v2\/types\/post"}],"author":[{"embeddable":true,"href":"https:\/\/diariodominicano.com\/index.php?rest_route=\/wp\/v2\/users\/3"}],"replies":[{"embeddable":true,"href":"https:\/\/diariodominicano.com\/index.php?rest_route=%2Fwp%2Fv2%2Fcomments&post=252630"}],"version-history":[{"count":0,"href":"https:\/\/diariodominicano.com\/index.php?rest_route=\/wp\/v2\/posts\/252630\/revisions"}],"wp:attachment":[{"href":"https:\/\/diariodominicano.com\/index.php?rest_route=%2Fwp%2Fv2%2Fmedia&parent=252630"}],"wp:term":[{"taxonomy":"category","embeddable":true,"href":"https:\/\/diariodominicano.com\/index.php?rest_route=%2Fwp%2Fv2%2Fcategories&post=252630"},{"taxonomy":"post_tag","embeddable":true,"href":"https:\/\/diariodominicano.com\/index.php?rest_route=%2Fwp%2Fv2%2Ftags&post=252630"}],"curies":[{"name":"wp","href":"https:\/\/api.w.org\/{rel}","templated":true}]}}