{"id":252620,"date":"2015-11-01T20:03:11","date_gmt":"2015-11-01T20:03:11","guid":{"rendered":"http:\/\/diariodominicano.ddns.net\/?p=252620"},"modified":"2015-11-01T20:03:11","modified_gmt":"2015-11-01T20:03:11","slug":"cubanos-atrasan-1-hora-relojes-para-retornar-a-horario-normal","status":"publish","type":"post","link":"https:\/\/diariodominicano.com\/?p=252620","title":{"rendered":"Cubanos atrasan 1 hora relojes para retornar a horario normal"},"content":{"rendered":"<p><body><\/p>\n<p>LA HABANA, 1 nov (Xinhua) &#8212; Los cubanos atrasaron hoy 1 hora los relojes, porque desde este domingo rige en la isla el llamado horario normal, que tiene una diferencia de menos 5 horas respecto al Tiempo Medio de Greenwich (GMT, siglas ingl\u00e9s), inform\u00f3 la ONURE.<\/p>\n<\/p>\n<p>La Oficina Nacional para el Control del Uso Racional de la Energ\u00eda (ONURE), se\u00f1al\u00f3 que las manecillas de los relojes se atrasaron 1 hora al trancurrir 60 minutos de este domingo, con lo que qued\u00f3 implantado el horario normal en todo el territorio nacional.<\/p>\n<\/p>\n<p>La entidad adscrita al Ministerio de Energ\u00eda y Minas de Cuba indic\u00f3 que la decisi\u00f3n de cambio de horario constituye una pr\u00e1ctica internacional con una gran influencia en el ahorro de energ\u00eda.  <\/p>\n<\/p>\n<p>La isla tuvo el horario de verano desde el 8 de marzo pasado, luego de que a las 24:00 horas del s\u00e1bado 7 de marzo (04:00 GMT del domingo) se adelantaron 1 hora las manecillas de los relojes para poner fin al normal, vigente desde el 2 de noviembre de 2014.<\/p>\n<\/p>\n<p>Cuba aplic\u00f3 por primera vez la medida en 1928, aunque s\u00f3lo ese a\u00f1o, y luego se retom\u00f3 durante la II Guerra Mundial (1939-1945).<\/p>\n<\/p>\n<p>Se volvi\u00f3 a instaurar con el triunfo de la revoluci\u00f3n que encabez\u00f3 el ahora ex presidente Fidel Castro, para emplearse de manera sistem\u00e1tica a partir de 1963.<\/p>\n<h6> 2015-11-01 20:03:11 <\/h6>\n<p><!--\n<link rel=\"stylesheet\" href=\"css\/bootstrap.min.css\">\n\n\n<ul class=\"pagination\">\n\t    \n\t\n\n<li >\n\t<a href='?page_no=22264'>Previous<\/a>\n\t<\/li>\n\n\n       \n    \n\n<li><a href='?page_no=1'>1<\/a><\/li>\n\n\n\n<li><a href='?page_no=2'>2<\/a><\/li>\n\n\n\n<li><a>...<\/a><\/li>\n\n\n\n<li><a href='?page_no=22263'>22263<\/a><\/li>\n\n\n\n<li><a href='?page_no=22264'>22264<\/a><\/li>\n\n\n\n<li class='active'><a>22265<\/a><\/li>\n\n\n\n<li><a href='?page_no=22266'>22266<\/a><\/li>\n\n\n\n<li><a href='?page_no=22267'>22267<\/a><\/li>\n\n\n\n<li><a>...<\/a><\/li>\n\n\n\n<li><a href='?page_no=51012'>51012<\/a><\/li>\n\n\n\n<li><a href='?page_no=51013'>51013<\/a><\/li>\n\n    \n\t\n\n<li >\n\t<a href='?page_no=22266'>Next<\/a>\n\t<\/li>\n\n\n    \n\n<li><a href='?page_no=51013'>Last &rsaquo;&rsaquo;<\/a><\/li>\n\n<\/ul>\n\n\n--><br \/>\n<\/body><\/p>\n","protected":false},"excerpt":{"rendered":"<p>LA HABANA, 1 nov (Xinhua) &#8212; Los cubanos atrasaron hoy 1 hora los relojes, porque desde este domingo rige en la isla el llamado horario normal, que tiene una diferencia de menos 5 horas respecto al Tiempo Medio de Greenwich (GMT, siglas ingl\u00e9s), inform\u00f3 la ONURE. La Oficina Nacional para el Control del Uso Racional [&hellip;]<\/p>\n","protected":false},"author":3,"featured_media":0,"comment_status":"open","ping_status":"open","sticky":false,"template":"","format":"standard","meta":{"footnotes":""},"categories":[23],"tags":[],"class_list":["post-252620","post","type-post","status-publish","format-standard","hentry","category-internacional"],"_links":{"self":[{"href":"https:\/\/diariodominicano.com\/index.php?rest_route=\/wp\/v2\/posts\/252620","targetHints":{"allow":["GET"]}}],"collection":[{"href":"https:\/\/diariodominicano.com\/index.php?rest_route=\/wp\/v2\/posts"}],"about":[{"href":"https:\/\/diariodominicano.com\/index.php?rest_route=\/wp\/v2\/types\/post"}],"author":[{"embeddable":true,"href":"https:\/\/diariodominicano.com\/index.php?rest_route=\/wp\/v2\/users\/3"}],"replies":[{"embeddable":true,"href":"https:\/\/diariodominicano.com\/index.php?rest_route=%2Fwp%2Fv2%2Fcomments&post=252620"}],"version-history":[{"count":0,"href":"https:\/\/diariodominicano.com\/index.php?rest_route=\/wp\/v2\/posts\/252620\/revisions"}],"wp:attachment":[{"href":"https:\/\/diariodominicano.com\/index.php?rest_route=%2Fwp%2Fv2%2Fmedia&parent=252620"}],"wp:term":[{"taxonomy":"category","embeddable":true,"href":"https:\/\/diariodominicano.com\/index.php?rest_route=%2Fwp%2Fv2%2Fcategories&post=252620"},{"taxonomy":"post_tag","embeddable":true,"href":"https:\/\/diariodominicano.com\/index.php?rest_route=%2Fwp%2Fv2%2Ftags&post=252620"}],"curies":[{"name":"wp","href":"https:\/\/api.w.org\/{rel}","templated":true}]}}