{"id":252619,"date":"2015-11-01T20:10:43","date_gmt":"2015-11-01T20:10:43","guid":{"rendered":"http:\/\/diariodominicano.ddns.net\/?p=252619"},"modified":"2015-11-01T20:10:43","modified_gmt":"2015-11-01T20:10:43","slug":"sube-a-30-numero-de-muertos-por-incendio-en-discoteca-de-bucarest","status":"publish","type":"post","link":"https:\/\/diariodominicano.com\/?p=252619","title":{"rendered":"Sube a 30 n\u00famero de muertos por incendio en discoteca de Bucarest"},"content":{"rendered":"<p><body><\/p>\n<p><img decoding=\"async\" src=\"img3\/Bucarest2.jpg\" \/><br \/><img decoding=\"async\" src=\"img3\/Bucaret3.jpg\" \/>  <\/p>\n<p><span class=\"text1noticias\">BUCAREST, 2 nov (Xinhua) &#8212; El n\u00famero de muertos en el incendio ocurrido el viernes por la noche en una discoteca del centro de Bucarest subi\u00f3 de 27 a 30 y la fuerza de trabajo del gobierno calcula que el n\u00famero podr\u00eda aumentar a m\u00e1s del doble en las siguientes horas.<\/span><\/p>\n<p><span class=\"text1noticias\"> <\/span><\/p>\n<p><span class=\"text1noticias\">Tres j\u00f3venes murieron hoy en dos hospitales de Bucarest, informaron las autoridades.<\/span><\/p>\n<p><span class=\"text1noticias\"> <\/span><\/p>\n<p><span class=\"text1noticias\">Es posible que se registren alrededor de 20 muertes entre los heridos en las siguientes horas, dijo hoy el secretario de Estado del Ministerio del Interior, Raed Arafat, durante la reuni\u00f3n de la fuerza de trabajo del gobierno encabezada por el primer ministro.<\/span><\/p>\n<p><span class=\"text1noticias\"> <\/span><\/p>\n<p><span class=\"text1noticias\">\u00abHay 90 personas cuyo estado es serio o cr\u00edtico. Hay algunos en muy seria condici\u00f3n\u00bb, explic\u00f3 Arafat en la reuni\u00f3n<\/span><\/p>\n<p><span class=\"text1noticias\"> <\/span><\/p>\n<p><span class=\"text1noticias\">El incendio ocurrido la noche del viernes en el club nocturno es el m\u00e1s serio accidente en lugares p\u00fablicos registrado en Rumania durante d\u00e9cadas.<\/span><\/p>\n<p><span class=\"text1noticias\"> <\/span><\/p>\n<p><span class=\"text1noticias\">El incendio comenz\u00f3 por una chispa originada cuando se utilizaron fuegos artificiales durante un concierto en el club nocturno llamado Colectiv, el cual incendio las esponjas en un pilar, dijeron testigos.<\/span><\/p>\n<p><span class=\"text1noticias\"> <\/span><\/p>\n<p><span class=\"text1noticias\">El fiscal general Tiberiu Nitu anunci\u00f3 que los fiscales comenzaron la investigaci\u00f3n por homicidio en primer grado y por da\u00f1o delictivo.<\/span><\/p>\n<p><span class=\"text1noticias\"> <\/span><\/p>\n<p><span class=\"text1noticias\">Al menos 180 personas resultaron heridas en el incendio y en la estampida posterior. M\u00e1s de 140 siguen hospitalizad<\/span>as hoy.<\/p>\n<h6> 2015-11-01 20:10:43 <\/h6>\n<p><!--\n<link rel=\"stylesheet\" href=\"css\/bootstrap.min.css\">\n\n\n<ul class=\"pagination\">\n\t    \n\t\n\n<li >\n\t<a href='?page_no=22263'>Previous<\/a>\n\t<\/li>\n\n\n       \n    \n\n<li><a href='?page_no=1'>1<\/a><\/li>\n\n\n\n<li><a href='?page_no=2'>2<\/a><\/li>\n\n\n\n<li><a>...<\/a><\/li>\n\n\n\n<li><a href='?page_no=22262'>22262<\/a><\/li>\n\n\n\n<li><a href='?page_no=22263'>22263<\/a><\/li>\n\n\n\n<li class='active'><a>22264<\/a><\/li>\n\n\n\n<li><a href='?page_no=22265'>22265<\/a><\/li>\n\n\n\n<li><a href='?page_no=22266'>22266<\/a><\/li>\n\n\n\n<li><a>...<\/a><\/li>\n\n\n\n<li><a href='?page_no=51012'>51012<\/a><\/li>\n\n\n\n<li><a href='?page_no=51013'>51013<\/a><\/li>\n\n    \n\t\n\n<li >\n\t<a href='?page_no=22265'>Next<\/a>\n\t<\/li>\n\n\n    \n\n<li><a href='?page_no=51013'>Last &rsaquo;&rsaquo;<\/a><\/li>\n\n<\/ul>\n\n\n--><br \/>\n<\/body><\/p>\n","protected":false},"excerpt":{"rendered":"<p>BUCAREST, 2 nov (Xinhua) &#8212; El n\u00famero de muertos en el incendio ocurrido el viernes por la noche en una discoteca del centro de Bucarest subi\u00f3 de 27 a 30 y la fuerza de trabajo del gobierno calcula que el n\u00famero podr\u00eda aumentar a m\u00e1s del doble en las siguientes horas. Tres j\u00f3venes murieron hoy [&hellip;]<\/p>\n","protected":false},"author":3,"featured_media":0,"comment_status":"open","ping_status":"open","sticky":false,"template":"","format":"standard","meta":{"footnotes":""},"categories":[23],"tags":[],"class_list":["post-252619","post","type-post","status-publish","format-standard","hentry","category-internacional"],"_links":{"self":[{"href":"https:\/\/diariodominicano.com\/index.php?rest_route=\/wp\/v2\/posts\/252619","targetHints":{"allow":["GET"]}}],"collection":[{"href":"https:\/\/diariodominicano.com\/index.php?rest_route=\/wp\/v2\/posts"}],"about":[{"href":"https:\/\/diariodominicano.com\/index.php?rest_route=\/wp\/v2\/types\/post"}],"author":[{"embeddable":true,"href":"https:\/\/diariodominicano.com\/index.php?rest_route=\/wp\/v2\/users\/3"}],"replies":[{"embeddable":true,"href":"https:\/\/diariodominicano.com\/index.php?rest_route=%2Fwp%2Fv2%2Fcomments&post=252619"}],"version-history":[{"count":0,"href":"https:\/\/diariodominicano.com\/index.php?rest_route=\/wp\/v2\/posts\/252619\/revisions"}],"wp:attachment":[{"href":"https:\/\/diariodominicano.com\/index.php?rest_route=%2Fwp%2Fv2%2Fmedia&parent=252619"}],"wp:term":[{"taxonomy":"category","embeddable":true,"href":"https:\/\/diariodominicano.com\/index.php?rest_route=%2Fwp%2Fv2%2Fcategories&post=252619"},{"taxonomy":"post_tag","embeddable":true,"href":"https:\/\/diariodominicano.com\/index.php?rest_route=%2Fwp%2Fv2%2Ftags&post=252619"}],"curies":[{"name":"wp","href":"https:\/\/api.w.org\/{rel}","templated":true}]}}