{"id":252617,"date":"2015-11-01T21:48:03","date_gmt":"2015-11-01T21:48:03","guid":{"rendered":"http:\/\/diariodominicano.ddns.net\/?p=252617"},"modified":"2015-11-01T21:48:03","modified_gmt":"2015-11-01T21:48:03","slug":"maduro-destaca-estabilidad-de-caribe-al-arribar-a-san-vicente-y-las-granadinas","status":"publish","type":"post","link":"https:\/\/diariodominicano.com\/?p=252617","title":{"rendered":"Maduro destaca estabilidad de Caribe al arribar a San Vicente y las Granadinas"},"content":{"rendered":"<p><body><\/p>\n<p><img decoding=\"async\" src=\"img3\/maduro.50.jpg\" \/>  <\/p>\n<p><span class=\"text1noticias\">CARACAS, 2 nov (Xinhua) &#8212; El presidente de Venezuela, Nicol\u00e1s Maduro, destac\u00f3 este domingo la estabilidad econ\u00f3mica, energ\u00e9tica y social de los gobiernos y pueblos del Caribe, gracias a los mecanismos de integraci\u00f3n que han permitido dar \u00abuna fortaleza importante\u00bb a la regi\u00f3n.<\/span><\/p>\n<p><span class=\"text1noticias\"> <\/span><\/p>\n<p><span class=\"text1noticias\"> Tras arribar a San Vicente y las Granadinas con el prop\u00f3sito de fortalecer las relaciones bilaterales, el jefe de Estado venezolano atribuy\u00f3 esta solidez regional a la efectividad de instrumentos como el Acuerdo de Asociaci\u00f3n Energ\u00e9tica Petrocaribe.<\/span><\/p>\n<p><span class=\"text1noticias\"> <\/span><\/p>\n<p><span class=\"text1noticias\">\u00abTenemos un Caribe lleno de estabilidad econ\u00f3mica, energ\u00e9tica, social, pol\u00edtica, que poco a poco va adquiriendo una fortaleza, un poder econ\u00f3mico, tecnol\u00f3gico, cient\u00edfico, humano y un ejemplo de cooperaci\u00f3n\u00bb, afirm\u00f3 Maduro en declaraciones a la estatal Venezolana de Televisi\u00f3n.<\/span><\/p>\n<p><span class=\"text1noticias\"> <\/span><\/p>\n<p><span class=\"text1noticias\"> Refiri\u00f3 que \u00abes evidente\u00bb el crecimiento que en los \u00faltimos 15 a\u00f1os ha obtenido la regi\u00f3n caribe\u00f1a, que no s\u00f3lo se ratifica en el \u00e1mbito econ\u00f3mico y energ\u00e9tico sino tambi\u00e9n respecto a la integraci\u00f3n cultural y el acercamiento entre ambos pueblos.<\/span><\/p>\n<p><span class=\"text1noticias\"> <\/span><\/p>\n<p><span class=\"text1noticias\">Destac\u00f3 los esfuerzos emprendidos por el l\u00edder de la revoluci\u00f3n cubana, Fidel Castro y el fallecido presidente de Venezuela, Hugo Ch\u00e1vez, respecto a la consolidaci\u00f3n de los mecanismos de cooperaci\u00f3n como el Petrocaribe y la Alianza Bolivariana para los Pueblos de Am\u00e9rica (ALBA).<\/span><\/p>\n<p><span class=\"text1noticias\"> <\/span><\/p>\n<p><span class=\"text1noticias\">Maduro realiza su visita oficial a San Vicente y las Granadinas acompa\u00f1ado de la primera Dama, Cilia Flores; la canciller, Delcy Rodr\u00edguez y otros altos representantes del Ejecutivo suramericano.<\/span><\/p>\n<p><span class=\"text1noticias\"> <\/span><\/p>\n<p><span class=\"text1noticias\">Dentro de su agenda de trabajo destaca una reuni\u00f3n con el primer ministro de esa isla caribe\u00f1a, Ralph Gonsalves, para evaluar los proyectos en materia energ\u00e9tica, educativa, de salud e infraestructura.<\/span><\/p>\n<p><span class=\"text1noticias\"> <\/span><\/p>\n<p><span class=\"text1noticias\">\u00abVenimos a solidificar esa hermandad con Ralph (Gonsalves) y con el pueblo de San Vicente y las Granadinas\u00bb, finaliz\u00f3 el dignatario venezolano.<\/span><\/p>\n<p><span class=\"text1noticias\"> <\/span><\/p>\n<p><span class=\"text1noticias\">M\u00e1s temprano, Gonsalves ratific\u00f3 el apoyo de su Ejecutivo al gobierno de Caracas, refiri\u00e9ndose a los ataques de los cuales es actualmente v\u00edctima la naci\u00f3n suramericana.<\/span><\/p>\n<p><span class=\"text1noticias\"> <\/span><\/p>\n<p><span class=\"text1noticias\">En una entrevista ofrecida al medio estatal venezolano, el primer ministro inst\u00f3 a elevar los esfuerzos para consolidar a\u00fan m\u00e1s la integraci\u00f3n y la cooperaci\u00f3n regional ante las \u00abagresiones imp<\/span>eriales\u00bb.<\/p>\n<h6> 2015-11-01 21:48:03 <\/h6>\n<p><!--\n<link rel=\"stylesheet\" href=\"css\/bootstrap.min.css\">\n\n\n<ul class=\"pagination\">\n\t    \n\t\n\n<li >\n\t<a href='?page_no=22261'>Previous<\/a>\n\t<\/li>\n\n\n       \n    \n\n<li><a href='?page_no=1'>1<\/a><\/li>\n\n\n\n<li><a href='?page_no=2'>2<\/a><\/li>\n\n\n\n<li><a>...<\/a><\/li>\n\n\n\n<li><a href='?page_no=22260'>22260<\/a><\/li>\n\n\n\n<li><a href='?page_no=22261'>22261<\/a><\/li>\n\n\n\n<li class='active'><a>22262<\/a><\/li>\n\n\n\n<li><a href='?page_no=22263'>22263<\/a><\/li>\n\n\n\n<li><a href='?page_no=22264'>22264<\/a><\/li>\n\n\n\n<li><a>...<\/a><\/li>\n\n\n\n<li><a href='?page_no=51012'>51012<\/a><\/li>\n\n\n\n<li><a href='?page_no=51013'>51013<\/a><\/li>\n\n    \n\t\n\n<li >\n\t<a href='?page_no=22263'>Next<\/a>\n\t<\/li>\n\n\n    \n\n<li><a href='?page_no=51013'>Last &rsaquo;&rsaquo;<\/a><\/li>\n\n<\/ul>\n\n\n--><br \/>\n<\/body><\/p>\n","protected":false},"excerpt":{"rendered":"<p>CARACAS, 2 nov (Xinhua) &#8212; El presidente de Venezuela, Nicol\u00e1s Maduro, destac\u00f3 este domingo la estabilidad econ\u00f3mica, energ\u00e9tica y social de los gobiernos y pueblos del Caribe, gracias a los mecanismos de integraci\u00f3n que han permitido dar \u00abuna fortaleza importante\u00bb a la regi\u00f3n. Tras arribar a San Vicente y las Granadinas con el prop\u00f3sito de [&hellip;]<\/p>\n","protected":false},"author":3,"featured_media":0,"comment_status":"open","ping_status":"open","sticky":false,"template":"","format":"standard","meta":{"footnotes":""},"categories":[23],"tags":[],"class_list":["post-252617","post","type-post","status-publish","format-standard","hentry","category-internacional"],"_links":{"self":[{"href":"https:\/\/diariodominicano.com\/index.php?rest_route=\/wp\/v2\/posts\/252617","targetHints":{"allow":["GET"]}}],"collection":[{"href":"https:\/\/diariodominicano.com\/index.php?rest_route=\/wp\/v2\/posts"}],"about":[{"href":"https:\/\/diariodominicano.com\/index.php?rest_route=\/wp\/v2\/types\/post"}],"author":[{"embeddable":true,"href":"https:\/\/diariodominicano.com\/index.php?rest_route=\/wp\/v2\/users\/3"}],"replies":[{"embeddable":true,"href":"https:\/\/diariodominicano.com\/index.php?rest_route=%2Fwp%2Fv2%2Fcomments&post=252617"}],"version-history":[{"count":0,"href":"https:\/\/diariodominicano.com\/index.php?rest_route=\/wp\/v2\/posts\/252617\/revisions"}],"wp:attachment":[{"href":"https:\/\/diariodominicano.com\/index.php?rest_route=%2Fwp%2Fv2%2Fmedia&parent=252617"}],"wp:term":[{"taxonomy":"category","embeddable":true,"href":"https:\/\/diariodominicano.com\/index.php?rest_route=%2Fwp%2Fv2%2Fcategories&post=252617"},{"taxonomy":"post_tag","embeddable":true,"href":"https:\/\/diariodominicano.com\/index.php?rest_route=%2Fwp%2Fv2%2Ftags&post=252617"}],"curies":[{"name":"wp","href":"https:\/\/api.w.org\/{rel}","templated":true}]}}