{"id":252566,"date":"2015-11-05T20:32:18","date_gmt":"2015-11-05T20:32:18","guid":{"rendered":"http:\/\/diariodominicano.ddns.net\/?p=252566"},"modified":"2015-11-05T20:32:18","modified_gmt":"2015-11-05T20:32:18","slug":"hallan-en-guerrero-cuatro-cadaveres-en-dos-fosas-clandestinas","status":"publish","type":"post","link":"https:\/\/diariodominicano.com\/?p=252566","title":{"rendered":"Hallan en Guerrero cuatro cad\u00e1veres en dos fosas clandestinas"},"content":{"rendered":"<p><body><\/p>\n<p><img decoding=\"async\" src=\"img3\/mexico.jpg\" \/>  <\/p>\n<p><span class=\"text1noticias\">MEXICO, 6 nov (Xinhua) &#8212; Agentes ministeriales hallaron los cuerpos sin vida de cuatro personas en dos fosas clandestinas ubicadas en una comunidad del sure\u00f1o estado de Guerrero, inform\u00f3 hoy la Procuradur\u00eda General de la Rep\u00fablica (PGR, fiscal\u00eda).<\/span><\/p>\n<p><span class=\"text1noticias\"> <\/span><\/p>\n<p><span class=\"text1noticias\">La fiscal\u00eda del pa\u00eds explic\u00f3, en un comunicado, que las fosas fueron encontradas en d\u00edas pasados por habitantes de la comunidad de Carrizalillo, municipio de Eduardo Neri, Guerrero, y cuya existencia fue corroborada hoy jueves por agentes del Ministerio P\u00fablico y de la Polic\u00eda Federal.<\/span><\/p>\n<p><span class=\"text1noticias\"> <\/span><\/p>\n<p><span class=\"text1noticias\">Guerrero es el estado m\u00e1s violento del pa\u00eds, en donde en los \u00faltimos tres a\u00f1os se han hallado varias decenas de restos humanos en fosas clandestinas, al parecer v\u00edctimas de ajustes de cuentas entre bandas del crimen organizado que operan en esa regi\u00f3n del pa\u00eds.<\/span><\/p>\n<p><span class=\"text1noticias\"> <\/span><\/p>\n<p><span class=\"text1noticias\">La fiscal\u00eda del pa\u00eds precis\u00f3 hoy que en una de las fosas se localiz\u00f3 un cad\u00e1ver de sexo femenino, y en la segunda se hallaron tres cuerpos, al parecer dos de ellos de sexo femenino y uno masculino.<\/span><\/p>\n<p><span class=\"text1noticias\"> <\/span><\/p>\n<p><span class=\"text1noticias\">Con base en las pertenencias localizadas, como la ropa, personal de la PGR trabaja en el procesamiento e identificaci\u00f3n de los mismos, mediante an\u00e1lisis de antropolog\u00eda, gen\u00e9tica y odontolog\u00eda, entre otros estudios.<\/span><\/p>\n<p><span class=\"text1noticias\"> <\/span><\/p>\n<p><span class=\"text1noticias\">Las labores de b\u00fasqueda de m\u00e1s posibles fosas y cad\u00e1veres continuaron este jueves en el poblado de Carrizalillo, en las que participan personal del Instituto Nacional de Antropolog\u00eda e Historia (INAH), con el uso de equipo y tecnolog\u00eda de punta, como el georradar.<\/span><\/p>\n<h6> 2015-11-05 20:32:18 <\/h6>\n<p><!--\n<link rel=\"stylesheet\" href=\"css\/bootstrap.min.css\">\n\n\n<ul class=\"pagination\">\n\t    \n\t\n\n<li >\n\t<a href='?page_no=22210'>Previous<\/a>\n\t<\/li>\n\n\n       \n    \n\n<li><a href='?page_no=1'>1<\/a><\/li>\n\n\n\n<li><a href='?page_no=2'>2<\/a><\/li>\n\n\n\n<li><a>...<\/a><\/li>\n\n\n\n<li><a href='?page_no=22209'>22209<\/a><\/li>\n\n\n\n<li><a href='?page_no=22210'>22210<\/a><\/li>\n\n\n\n<li class='active'><a>22211<\/a><\/li>\n\n\n\n<li><a href='?page_no=22212'>22212<\/a><\/li>\n\n\n\n<li><a href='?page_no=22213'>22213<\/a><\/li>\n\n\n\n<li><a>...<\/a><\/li>\n\n\n\n<li><a href='?page_no=51012'>51012<\/a><\/li>\n\n\n\n<li><a href='?page_no=51013'>51013<\/a><\/li>\n\n    \n\t\n\n<li >\n\t<a href='?page_no=22212'>Next<\/a>\n\t<\/li>\n\n\n    \n\n<li><a href='?page_no=51013'>Last &rsaquo;&rsaquo;<\/a><\/li>\n\n<\/ul>\n\n\n--><br \/>\n<\/body><\/p>\n","protected":false},"excerpt":{"rendered":"<p>MEXICO, 6 nov (Xinhua) &#8212; Agentes ministeriales hallaron los cuerpos sin vida de cuatro personas en dos fosas clandestinas ubicadas en una comunidad del sure\u00f1o estado de Guerrero, inform\u00f3 hoy la Procuradur\u00eda General de la Rep\u00fablica (PGR, fiscal\u00eda). La fiscal\u00eda del pa\u00eds explic\u00f3, en un comunicado, que las fosas fueron encontradas en d\u00edas pasados por [&hellip;]<\/p>\n","protected":false},"author":3,"featured_media":0,"comment_status":"open","ping_status":"open","sticky":false,"template":"","format":"standard","meta":{"footnotes":""},"categories":[23],"tags":[],"class_list":["post-252566","post","type-post","status-publish","format-standard","hentry","category-internacional"],"_links":{"self":[{"href":"https:\/\/diariodominicano.com\/index.php?rest_route=\/wp\/v2\/posts\/252566","targetHints":{"allow":["GET"]}}],"collection":[{"href":"https:\/\/diariodominicano.com\/index.php?rest_route=\/wp\/v2\/posts"}],"about":[{"href":"https:\/\/diariodominicano.com\/index.php?rest_route=\/wp\/v2\/types\/post"}],"author":[{"embeddable":true,"href":"https:\/\/diariodominicano.com\/index.php?rest_route=\/wp\/v2\/users\/3"}],"replies":[{"embeddable":true,"href":"https:\/\/diariodominicano.com\/index.php?rest_route=%2Fwp%2Fv2%2Fcomments&post=252566"}],"version-history":[{"count":0,"href":"https:\/\/diariodominicano.com\/index.php?rest_route=\/wp\/v2\/posts\/252566\/revisions"}],"wp:attachment":[{"href":"https:\/\/diariodominicano.com\/index.php?rest_route=%2Fwp%2Fv2%2Fmedia&parent=252566"}],"wp:term":[{"taxonomy":"category","embeddable":true,"href":"https:\/\/diariodominicano.com\/index.php?rest_route=%2Fwp%2Fv2%2Fcategories&post=252566"},{"taxonomy":"post_tag","embeddable":true,"href":"https:\/\/diariodominicano.com\/index.php?rest_route=%2Fwp%2Fv2%2Ftags&post=252566"}],"curies":[{"name":"wp","href":"https:\/\/api.w.org\/{rel}","templated":true}]}}