{"id":252554,"date":"2015-11-06T19:06:59","date_gmt":"2015-11-06T19:06:59","guid":{"rendered":"http:\/\/diariodominicano.ddns.net\/?p=252554"},"modified":"2015-11-06T19:06:59","modified_gmt":"2015-11-06T19:06:59","slug":"pide-apurar-causas-de-rompimiento-barrera-de-residuos-mineros","status":"publish","type":"post","link":"https:\/\/diariodominicano.com\/?p=252554","title":{"rendered":"Pide apurar causas de rompimiento barrera de residuos mineros"},"content":{"rendered":"<p><body><\/p>\n<p><img decoding=\"async\" src=\"img3\/Brasil1.jpg\" \/><br \/><img decoding=\"async\" src=\"img3\/Brasil2.jpg\" \/>  <\/p>\n<p><span class=\"text1noticias\">MARIANA, Brasil, 6 nov (Xinhua) &#8212; La presidenta de Brasil, Dilma Rousseff, asegur\u00f3 hoy que las causas del desastre en la ciudad de Mariana, donde dos barreras de contenci\u00f3n de un gran dep\u00f3sito de residuos mineros se rompieron, deben ser apuradas \u00abcon rigor\u00bb as\u00ed como las responsabilidades del incidente.<\/span><\/p>\n<p><span class=\"text1noticias\"> <\/span><\/p>\n<p><span class=\"text1noticias\">\u00abPresto mi solidaridad a las v\u00edctimas y a sus familiares. Es necesario apurar con rigor las causas y las responsabilidades del accidente\u00bb, escribi\u00f3 Rousseff en su perfil en la red social Twitter.<\/span><\/p>\n<p><span class=\"text1noticias\"> <\/span><\/p>\n<p><span class=\"text1noticias\">Al menos 13 personas contin\u00faan desaparecidas tras el rompimiento el jueves de dos barreras en las que la minera Samarco guardaba residuos. Por ahora se confirm\u00f3 un muerto, aunque inicialmente se habl\u00f3 de hasta 17 fallecidos.<\/span><\/p>\n<p><span class=\"text1noticias\"> <\/span><\/p>\n<p><span class=\"text1noticias\">Los hechos sucedieron en el barrio de Bento Rodrigues, muy cercano al dep\u00f3sito, y a 35 kil\u00f3metros del centro de Mariana. El barrio qued\u00f3 totalmente anegado por el barro y el lodo.<\/span><\/p>\n<p><span class=\"text1noticias\"> <\/span><\/p>\n<p><span class=\"text1noticias\">La presidenta brasile\u00f1a dijo que el Gobierno federal reconocer\u00e1 el estado de emergencia en el municipio, situado en el estado de Minas Gerais (sureste del pa\u00eds) para permitir que las v\u00edctimas de la tragedia puedan recibir recursos de un fondo de emergencias.<\/span><\/p>\n<p><span class=\"text1noticias\"> <\/span><\/p>\n<p><span class=\"text1noticias\">Rousseff dijo tambi\u00e9n que las Fuerzas Armadas y la Defensa Civil est\u00e1n en contacto con el Gobierno de Minas Gerais para auxiliar en \u00ablas necesidades locales\u00bb.<\/span><\/p>\n<p><span class=\"text1noticias\"> <\/span><\/p>\n<p><span class=\"text1noticias\">Unas 600 personas est\u00e1n desalojadas como consecuencia del desastre. El lodo lleg\u00f3 hasta 70 kil\u00f3metros de distancia del dep\u00f3sito. Los bomberos aseguran que todos los rescatados fueron sometidos a un proceso de descontaminaci\u00f3n de hierro mediante el uso de agua y j<\/span>ab\u00f3n. <\/p>\n<h6> 2015-11-06 19:06:59 <\/h6>\n<p><!--\n<link rel=\"stylesheet\" href=\"css\/bootstrap.min.css\">\n\n\n<ul class=\"pagination\">\n\t    \n\t\n\n<li >\n\t<a href='?page_no=22198'>Previous<\/a>\n\t<\/li>\n\n\n       \n    \n\n<li><a href='?page_no=1'>1<\/a><\/li>\n\n\n\n<li><a href='?page_no=2'>2<\/a><\/li>\n\n\n\n<li><a>...<\/a><\/li>\n\n\n\n<li><a href='?page_no=22197'>22197<\/a><\/li>\n\n\n\n<li><a href='?page_no=22198'>22198<\/a><\/li>\n\n\n\n<li class='active'><a>22199<\/a><\/li>\n\n\n\n<li><a href='?page_no=22200'>22200<\/a><\/li>\n\n\n\n<li><a href='?page_no=22201'>22201<\/a><\/li>\n\n\n\n<li><a>...<\/a><\/li>\n\n\n\n<li><a href='?page_no=51012'>51012<\/a><\/li>\n\n\n\n<li><a href='?page_no=51013'>51013<\/a><\/li>\n\n    \n\t\n\n<li >\n\t<a href='?page_no=22200'>Next<\/a>\n\t<\/li>\n\n\n    \n\n<li><a href='?page_no=51013'>Last &rsaquo;&rsaquo;<\/a><\/li>\n\n<\/ul>\n\n\n--><br \/>\n<\/body><\/p>\n","protected":false},"excerpt":{"rendered":"<p>MARIANA, Brasil, 6 nov (Xinhua) &#8212; La presidenta de Brasil, Dilma Rousseff, asegur\u00f3 hoy que las causas del desastre en la ciudad de Mariana, donde dos barreras de contenci\u00f3n de un gran dep\u00f3sito de residuos mineros se rompieron, deben ser apuradas \u00abcon rigor\u00bb as\u00ed como las responsabilidades del incidente. \u00abPresto mi solidaridad a las v\u00edctimas [&hellip;]<\/p>\n","protected":false},"author":3,"featured_media":0,"comment_status":"open","ping_status":"open","sticky":false,"template":"","format":"standard","meta":{"footnotes":""},"categories":[23],"tags":[],"class_list":["post-252554","post","type-post","status-publish","format-standard","hentry","category-internacional"],"_links":{"self":[{"href":"https:\/\/diariodominicano.com\/index.php?rest_route=\/wp\/v2\/posts\/252554","targetHints":{"allow":["GET"]}}],"collection":[{"href":"https:\/\/diariodominicano.com\/index.php?rest_route=\/wp\/v2\/posts"}],"about":[{"href":"https:\/\/diariodominicano.com\/index.php?rest_route=\/wp\/v2\/types\/post"}],"author":[{"embeddable":true,"href":"https:\/\/diariodominicano.com\/index.php?rest_route=\/wp\/v2\/users\/3"}],"replies":[{"embeddable":true,"href":"https:\/\/diariodominicano.com\/index.php?rest_route=%2Fwp%2Fv2%2Fcomments&post=252554"}],"version-history":[{"count":0,"href":"https:\/\/diariodominicano.com\/index.php?rest_route=\/wp\/v2\/posts\/252554\/revisions"}],"wp:attachment":[{"href":"https:\/\/diariodominicano.com\/index.php?rest_route=%2Fwp%2Fv2%2Fmedia&parent=252554"}],"wp:term":[{"taxonomy":"category","embeddable":true,"href":"https:\/\/diariodominicano.com\/index.php?rest_route=%2Fwp%2Fv2%2Fcategories&post=252554"},{"taxonomy":"post_tag","embeddable":true,"href":"https:\/\/diariodominicano.com\/index.php?rest_route=%2Fwp%2Fv2%2Ftags&post=252554"}],"curies":[{"name":"wp","href":"https:\/\/api.w.org\/{rel}","templated":true}]}}