{"id":252550,"date":"2015-11-07T08:12:04","date_gmt":"2015-11-07T08:12:04","guid":{"rendered":"http:\/\/diariodominicano.ddns.net\/?p=252550"},"modified":"2015-11-07T08:12:04","modified_gmt":"2015-11-07T08:12:04","slug":"todo-un-exito-inauguracion-xi-congreso-en-paz-bolivia","status":"publish","type":"post","link":"https:\/\/diariodominicano.com\/?p=252550","title":{"rendered":"Todo un \u00e9xito inauguraci\u00f3n XI Congreso en Paz, Bolivia."},"content":{"rendered":"<p><body><\/p>\n<p><img decoding=\"async\" src=\"img3\/hispano 1.jpg\" \/><br \/><img decoding=\"async\" src=\"img3\/hispa 7.jpg\" \/>  <\/p>\n<p><span class=\"text1noticias\">Por: Blanca Sha\u00f1aly,  Leonela Ba\u00e9z y Luis Mendoza<\/span><\/p>\n<\/p>\n<p><span class=\"text1noticias\"> <\/span><\/p>\n<p><span class=\"text1noticias\">La Paz, Bolivia 7 noviembre.-  El D\u00e9cimo   Primer Congreso  Hispanoamericano de Prensa, se inaugur\u00f3 el pasado mi\u00e9rcoles 4 de Noviembre, en los lujosos salones del auditorio del Banco Central de Bolivia, ciudad de La Paz,  con la presencia en la mesa de honor del Lic. Juan Calos Pinto, representante de la Vicepresidencia; Dr. Alberto Quevedo, rector en ejercicio de la Universidad Mayor de San Andr\u00e9s; Lcdo. Am\u00edn Cruz, presidente del Congreso  Hispanoamericano de Prensa y de la Lcda. Lupe Cajias, presidenta de la Asociaci\u00f3n de periodista de La Paz.<\/span><\/p>\n<p><span class=\"text1noticias\"> <\/span><\/p>\n<p><span class=\"text1noticias\">Por primera vez en Sudamericana en la ciudad de la Paz, Bolivia el Congreso Hispanoamericano de Prensa realiza el XI Congreso, evento que se ha ganado la simpat\u00eda y entusiasmos de todos los sectores sociales del periodismo y la comunicaci\u00f3n social en la ciudad de la Paz, Bolivia. <\/span><\/p>\n<\/p>\n<p><span class=\"text1noticias\">Este C\u00f3nclave en su noche inaugural cont\u00f3 con cuatro presentaciones magistrales una de ella por el representante del Vicepresidente Lic. Juan Carlos Pinto quien dio la bienvenida.<\/span><\/p>\n<p><span class=\"text1noticias\"> <\/span><\/p>\n<p><span class=\"text1noticias\"> Adem\u00e1s del Rector de la Universidad Mayor de San Andr\u00e9s el Dr. Alberto Quevedo, quien resalt\u00f3 la importancia de este evento en esa alta casa de estudio y los beneficiosos que ser\u00e1 para las presentes y futuras generaciones de estudiantes en Bolivia, agradeci\u00f3 de manera personal al Sr. Am\u00edn Cruz, presidente del Congreso Hispanoamericano de Prensa por haber pensado en el pueblo boliviano, de igual manera habl\u00f3 la presidenta de la Asociaci\u00f3n de Periodistas de la ciudad de la Paz, Bolivia, licenciada Guadalupe Cijas de Peres, quien hizo una foto biograf\u00eda de la lucha, avance y retroceso del periodismo en Bolivia, puntualizando punto critico de los gobiernos y la libertad de Prensa y expresi\u00f3n en toda la naci\u00f3n.<\/span><\/p>\n<p><span class=\"text1noticias\"> <\/span><\/p>\n<p><span class=\"text1noticias\">De igual manera hizo la presentaci\u00f3n el presidente del Congreso Hispanoamericano de Prensa y Millennium Press Association, Inc, Lic. Am\u00edn Cruz, quien a la vez agradeci\u00f3 a los expositores, Dr. Javier Dar\u00edo Restrepo, Licda. Guadalupe Cajias, Lic. \u00c1lvaro Garc\u00eda, a las autoridades acad\u00e9micas, gubernamentales y period\u00edsticas por aceptar con benepl\u00e1cito la realizaci\u00f3n de este c\u00f3nclave en esta ciudad de Bolivia, de igual manera felicit\u00f3 la gran concurrencia de estudiantes e intelectuales que se dieron cita exhort\u00e1ndoles hacer del ejercicio del periodismo una carrera digna dentro del marco de la verdad y la \u00e9tica.<\/span><\/p>\n<p><span class=\"text1noticias\"> <\/span><\/p>\n<p><span class=\"text1noticias\">M\u00e1s de 400 delegados y personalidades estuvieron al nivel m\u00e1s alto del c\u00f3nclave period\u00edstico donde las ponencias, organizado por el coordinador en Bolivia del XI Congreso Hispanoamericano de Prensa, Lic. Gonzalo Leonardini,  quien junto a todos los exponentes levantaron algarab\u00eda, aplausos entre todos los asistentes, reinando la camarader\u00eda, alegr\u00eda y ense\u00f1anza entre todos los presentes que vinieron de las diferentes localidades y pa\u00edses latinoamericanos<\/span>. <\/p>\n<h6> 2015-11-07 08:12:04 <\/h6>\n<p><!--\n<link rel=\"stylesheet\" href=\"css\/bootstrap.min.css\">\n\n\n<ul class=\"pagination\">\n\t    \n\t\n\n<li >\n\t<a href='?page_no=22194'>Previous<\/a>\n\t<\/li>\n\n\n       \n    \n\n<li><a href='?page_no=1'>1<\/a><\/li>\n\n\n\n<li><a href='?page_no=2'>2<\/a><\/li>\n\n\n\n<li><a>...<\/a><\/li>\n\n\n\n<li><a href='?page_no=22193'>22193<\/a><\/li>\n\n\n\n<li><a href='?page_no=22194'>22194<\/a><\/li>\n\n\n\n<li class='active'><a>22195<\/a><\/li>\n\n\n\n<li><a href='?page_no=22196'>22196<\/a><\/li>\n\n\n\n<li><a href='?page_no=22197'>22197<\/a><\/li>\n\n\n\n<li><a>...<\/a><\/li>\n\n\n\n<li><a href='?page_no=51012'>51012<\/a><\/li>\n\n\n\n<li><a href='?page_no=51013'>51013<\/a><\/li>\n\n    \n\t\n\n<li >\n\t<a href='?page_no=22196'>Next<\/a>\n\t<\/li>\n\n\n    \n\n<li><a href='?page_no=51013'>Last &rsaquo;&rsaquo;<\/a><\/li>\n\n<\/ul>\n\n\n--><br \/>\n<\/body><\/p>\n","protected":false},"excerpt":{"rendered":"<p>Por: Blanca Sha\u00f1aly, Leonela Ba\u00e9z y Luis Mendoza La Paz, Bolivia 7 noviembre.- El D\u00e9cimo Primer Congreso Hispanoamericano de Prensa, se inaugur\u00f3 el pasado mi\u00e9rcoles 4 de Noviembre, en los lujosos salones del auditorio del Banco Central de Bolivia, ciudad de La Paz, con la presencia en la mesa de honor del Lic. Juan Calos [&hellip;]<\/p>\n","protected":false},"author":3,"featured_media":0,"comment_status":"open","ping_status":"open","sticky":false,"template":"","format":"standard","meta":{"footnotes":""},"categories":[23],"tags":[],"class_list":["post-252550","post","type-post","status-publish","format-standard","hentry","category-internacional"],"_links":{"self":[{"href":"https:\/\/diariodominicano.com\/index.php?rest_route=\/wp\/v2\/posts\/252550","targetHints":{"allow":["GET"]}}],"collection":[{"href":"https:\/\/diariodominicano.com\/index.php?rest_route=\/wp\/v2\/posts"}],"about":[{"href":"https:\/\/diariodominicano.com\/index.php?rest_route=\/wp\/v2\/types\/post"}],"author":[{"embeddable":true,"href":"https:\/\/diariodominicano.com\/index.php?rest_route=\/wp\/v2\/users\/3"}],"replies":[{"embeddable":true,"href":"https:\/\/diariodominicano.com\/index.php?rest_route=%2Fwp%2Fv2%2Fcomments&post=252550"}],"version-history":[{"count":0,"href":"https:\/\/diariodominicano.com\/index.php?rest_route=\/wp\/v2\/posts\/252550\/revisions"}],"wp:attachment":[{"href":"https:\/\/diariodominicano.com\/index.php?rest_route=%2Fwp%2Fv2%2Fmedia&parent=252550"}],"wp:term":[{"taxonomy":"category","embeddable":true,"href":"https:\/\/diariodominicano.com\/index.php?rest_route=%2Fwp%2Fv2%2Fcategories&post=252550"},{"taxonomy":"post_tag","embeddable":true,"href":"https:\/\/diariodominicano.com\/index.php?rest_route=%2Fwp%2Fv2%2Ftags&post=252550"}],"curies":[{"name":"wp","href":"https:\/\/api.w.org\/{rel}","templated":true}]}}