{"id":252548,"date":"2015-11-07T10:34:14","date_gmt":"2015-11-07T10:34:14","guid":{"rendered":"http:\/\/diariodominicano.ddns.net\/?p=252548"},"modified":"2015-11-07T10:34:14","modified_gmt":"2015-11-07T10:34:14","slug":"fin-del-bloqueo-estadounidense-meta-de-la-solidaridad-con-cuba","status":"publish","type":"post","link":"https:\/\/diariodominicano.com\/?p=252548","title":{"rendered":"Fin del bloqueo estadounidense, meta de la solidaridad con Cuba"},"content":{"rendered":"<p><body><\/p>\n<p><img decoding=\"async\" src=\"img3\/blo 1.jpg\" \/>  <\/p>\n<p>Fin del bloqueo estadounidense, meta de la solidaridad con Cuba\t<\/p>\n<\/p>\n<p> Kenia Serrano, presidenta del Instituto Cubano de Amistad con los Pueblos (ICAP)Por Waldo Mendiluza<\/p>\n<\/p>\n<p>Naciones Unidas, 7 nov (PL) La presidenta del Instituto Cubano de Amistad con los Pueblos (ICAP), Kenia Serrano, afirm\u00f3 que la solidaridad mundial con la isla tiene en el cese del bloqueo estadounidense su principal meta.<\/p>\n<\/p>\n<p>Cubanos residentes en El Salvador exigir\u00e1n cese del bloqueo de EE.UU.<\/p>\n<p>Esa constituye la prioridad, a partir del impacto del cerco econ\u00f3mico, comercial y financiero impuesto por m\u00e1s de medio siglo a la mayor de las Antillas, precis\u00f3 en entrevista con Prensa Latina durante su visita a la Misi\u00f3n Permanente de Cuba ante la ONU.<\/p>\n<\/p>\n<p>De acuerdo con Serrano, la dominaci\u00f3n medi\u00e1tica hace que algunas personas asocien el restablecimiento de relaciones diplom\u00e1ticas entre La Habana y Washington con el fin del bloqueo.<\/p>\n<\/p>\n<p>La solidaridad juega un importante papel en esclarecer tal confusi\u00f3n, lo cual representa una tarea colosal, dada la brecha informativa imperante, dijo la tambi\u00e9n parlamentaria, quien invitada por amigos de la isla en Estados Unidos participa en un periplo que incluye Nueva York, Washington D.C. y San Francisco.<\/p>\n<\/p>\n<p>Cuba denuncia que, pese al acercamiento bilateral que comenz\u00f3 el pasado 17 de diciembre, y la reanudaci\u00f3n de nexos diplom\u00e1ticos y la reapertura de embajadas, en julio, siguen en plena aplicaci\u00f3n las sanciones unilaterales y extraterritoriales.<\/p>\n<\/p>\n<p>Seg\u00fan la presidenta del ICAP, otra de las prioridades es el reclamo de las compensaciones exigidas por la isla a partir de los da\u00f1os econ\u00f3micos y humanos causados por d\u00e9cadas de hostilidad norteamericana, con el bloqueo como su punta de lanza.<\/p>\n<\/p>\n<p>El apoyo a la mayor de las Antillas comprende adem\u00e1s la lucha por la devoluci\u00f3n de la parte de Guant\u00e1namo ocupada por la Base Naval de Estados Unidos, el fin de las transmisiones ilegales de radio y televisi\u00f3n y de programas dirigidos al cambio de r\u00e9gimen, expuso.<\/p>\n<\/p>\n<p>Serrano asegur\u00f3 que Cuba est\u00e1 comprometida con una relaci\u00f3n respetuosa y de iguales entre ambos pa\u00edses, una postura reconocida y respaldada por la solidaridad.<\/p>\n<\/p>\n<p>La dirigente y diputada a la Asamblea Nacional destac\u00f3 que la firmeza y resistencia de los cubanos despierta admiraci\u00f3n en sectores de la sociedad norteamericana.<\/p>\n<\/p>\n<p>\u00abVemos que celebran la pol\u00edtica exterior invariable de la Revoluci\u00f3n Cubana y su compromiso inalterable con las causas justas del mundo, el internacionalismo y la cooperaci\u00f3n desinteresada\u00bb, subray\u00f3.<\/p>\n<\/p>\n<p>Asimismo, resalt\u00f3 los encuentros sostenidos en sus primeros d\u00edas de estancia en suelo estadounidense, entre ellos los que tuvieron lugar en Nueva York con los activistas Harry Belafonte y Sandra Levinson, representantes de la comunidad afronorteamericana y miembros de Pastores por la Paz, organizaci\u00f3n solidaria con la isla por m\u00e1s de dos d\u00e9cadas.<\/p>\n<\/p>\n<p>Serrano viaj\u00f3 la v\u00edspera a la capital Washington D.C., donde participar\u00e1 en una reuni\u00f3n nacional de la Red de Solidaridad con Cuba en Estados Unidos.<\/p>\n<\/p>\n<p>En los pr\u00f3ximos d\u00edas, estar\u00e1 en la populosa ciudad californiana de San Francisco, sede de comit\u00e9s muy activos durante las campa\u00f1as por la liberaci\u00f3n de Gerardo Hern\u00e1ndez, Ram\u00f3n Laba\u00f1ino, Fernando Gonz\u00e1lez, Antonio Guerrero y Ren\u00e9 Gonz\u00e1lez, los cinco antiterroristas cubanos que cumplieron largas condenas en c\u00e1rceles de la Uni\u00f3n.<\/p>\n<h6> 2015-11-07 10:34:14 <\/h6>\n<p><!--\n<link rel=\"stylesheet\" href=\"css\/bootstrap.min.css\">\n\n\n<ul class=\"pagination\">\n\t    \n\t\n\n<li >\n\t<a href='?page_no=22192'>Previous<\/a>\n\t<\/li>\n\n\n       \n    \n\n<li><a href='?page_no=1'>1<\/a><\/li>\n\n\n\n<li><a href='?page_no=2'>2<\/a><\/li>\n\n\n\n<li><a>...<\/a><\/li>\n\n\n\n<li><a href='?page_no=22191'>22191<\/a><\/li>\n\n\n\n<li><a href='?page_no=22192'>22192<\/a><\/li>\n\n\n\n<li class='active'><a>22193<\/a><\/li>\n\n\n\n<li><a href='?page_no=22194'>22194<\/a><\/li>\n\n\n\n<li><a href='?page_no=22195'>22195<\/a><\/li>\n\n\n\n<li><a>...<\/a><\/li>\n\n\n\n<li><a href='?page_no=51012'>51012<\/a><\/li>\n\n\n\n<li><a href='?page_no=51013'>51013<\/a><\/li>\n\n    \n\t\n\n<li >\n\t<a href='?page_no=22194'>Next<\/a>\n\t<\/li>\n\n\n    \n\n<li><a href='?page_no=51013'>Last &rsaquo;&rsaquo;<\/a><\/li>\n\n<\/ul>\n\n\n--><br \/>\n<\/body><\/p>\n","protected":false},"excerpt":{"rendered":"<p>Fin del bloqueo estadounidense, meta de la solidaridad con Cuba Kenia Serrano, presidenta del Instituto Cubano de Amistad con los Pueblos (ICAP)Por Waldo Mendiluza Naciones Unidas, 7 nov (PL) La presidenta del Instituto Cubano de Amistad con los Pueblos (ICAP), Kenia Serrano, afirm\u00f3 que la solidaridad mundial con la isla tiene en el cese del [&hellip;]<\/p>\n","protected":false},"author":3,"featured_media":0,"comment_status":"open","ping_status":"open","sticky":false,"template":"","format":"standard","meta":{"footnotes":""},"categories":[23],"tags":[],"class_list":["post-252548","post","type-post","status-publish","format-standard","hentry","category-internacional"],"_links":{"self":[{"href":"https:\/\/diariodominicano.com\/index.php?rest_route=\/wp\/v2\/posts\/252548","targetHints":{"allow":["GET"]}}],"collection":[{"href":"https:\/\/diariodominicano.com\/index.php?rest_route=\/wp\/v2\/posts"}],"about":[{"href":"https:\/\/diariodominicano.com\/index.php?rest_route=\/wp\/v2\/types\/post"}],"author":[{"embeddable":true,"href":"https:\/\/diariodominicano.com\/index.php?rest_route=\/wp\/v2\/users\/3"}],"replies":[{"embeddable":true,"href":"https:\/\/diariodominicano.com\/index.php?rest_route=%2Fwp%2Fv2%2Fcomments&post=252548"}],"version-history":[{"count":0,"href":"https:\/\/diariodominicano.com\/index.php?rest_route=\/wp\/v2\/posts\/252548\/revisions"}],"wp:attachment":[{"href":"https:\/\/diariodominicano.com\/index.php?rest_route=%2Fwp%2Fv2%2Fmedia&parent=252548"}],"wp:term":[{"taxonomy":"category","embeddable":true,"href":"https:\/\/diariodominicano.com\/index.php?rest_route=%2Fwp%2Fv2%2Fcategories&post=252548"},{"taxonomy":"post_tag","embeddable":true,"href":"https:\/\/diariodominicano.com\/index.php?rest_route=%2Fwp%2Fv2%2Ftags&post=252548"}],"curies":[{"name":"wp","href":"https:\/\/api.w.org\/{rel}","templated":true}]}}