{"id":252546,"date":"2015-11-07T17:00:44","date_gmt":"2015-11-07T17:00:44","guid":{"rendered":"http:\/\/diariodominicano.ddns.net\/?p=252546"},"modified":"2015-11-07T17:00:44","modified_gmt":"2015-11-07T17:00:44","slug":"aumenta-a-28-el-numero-de-desaparecidos-tras-romperse-barreras-de-deposito-en-brasil","status":"publish","type":"post","link":"https:\/\/diariodominicano.com\/?p=252546","title":{"rendered":"Aumenta a 28 el n\u00famero de desaparecidos tras romperse barreras de dep\u00f3sito en Brasil"},"content":{"rendered":"<p><body><\/p>\n<p><span class=\"text1noticias\">     MARIANA, Brasil, 7 nov (Xinhua) &#8212; A 28 aument\u00f3 el n\u00famero de desaparecidos tras el rompimiento de dos barreras en el dep\u00f3sito de residuos de una empresa minera del estado de Minas Gerais, en el sureste de Brasil, inform\u00f3 hoy el alcalde del municipio de Mariana, Duarte J\u00fanio.<\/span><\/p>\n<\/p>\n<p><span class=\"text1noticias\">     En una rueda de prensa, el alcalde de Mariana, donde ocurri\u00f3 el desastre, asegur\u00f3 que los desaparecidos son 13 trabajadores de la minera y 15 habitantes de dos barrios pr\u00f3ximos al dep\u00f3sito.<\/span><\/p>\n<\/p>\n<p><span class=\"text1noticias\">     Entre los desaparecidos hay cinco ni\u00f1os, entre ellos uno de tres meses de edad.<\/span><\/p>\n<\/p>\n<p><span class=\"text1noticias\">     J\u00fanio, explic\u00f3 que por el momento s\u00f3lo se tiene confirmada  una v\u00edctima mortal, aunque se han localizado dos cad\u00e1veres en los m\u00e1rgenes de un r\u00edo pr\u00f3ximo y ahora deber\u00e1 comprobarse si murieron a causa de la riada generada por el rompimiento de las barreras del dep\u00f3sito.<\/span><\/p>\n<\/p>\n<p><span class=\"text1noticias\">     Los hechos sucedieron el jueves, cuando por causas desconocidas, dos barrerascon siete millones de metros c\u00fabicos de residuos minerales y 55 millones de metros c\u00fabicos de agua de la minera Samarco se rompieron y provocaron una alud de lodo y barro que arras\u00f3 con todo lo que encontr\u00f3 en su paso.<\/span><\/p>\n<\/p>\n<p><span class=\"text1noticias\">     El dep\u00f3sito est\u00e1 en el barrio de Bento Rodrigues, a unos 35 kil\u00f3metros del centro urbano de Mariana, municipio del estado de Minas Gerais, a unos 125 kil\u00f3metros de Belo Horizonte, la capital regional.<\/span><\/p>\n<\/p>\n<p><span class=\"text1noticias\">     Bento Rodrigues qued\u00f3 totalmente anegado por la avalancha de lodo y barro.<\/span><\/p>\n<\/p>\n<p><span class=\"text1noticias\">     Los bomberos informaron que el lodo se solidific\u00f3, lo cual permite a los cuerpos de rescate caminar y trabajar en la zona donde se busca a los desaparecidos.<\/span><\/p>\n<\/p>\n<p><span class=\"text1noticias\">     M\u00e1s de 100 personas de los equipos de rescate participan en las b\u00fasquedas de los desaparecidos.<\/span><\/p>\n<\/p>\n<p><span class=\"text1noticias\">     La minera Samarco se responsabiliz\u00f3 por alojar en hoteles y pensiones a 569 de los damnificados, mientras que decenas de personas contin\u00faan en el albergue que la alcald\u00eda de Mariana instal\u00f3 en un pabell\u00f3n deportivo.<\/span><\/p>\n<\/p>\n<p><span class=\"text1noticias\">     Samarco est\u00e1 controlada por la brasile\u00f1a Vale y la australiana BHP, dos de las mayores mineras del mundo.<\/span> Fin<\/p>\n<h6> 2015-11-07 17:00:44 <\/h6>\n<p><!--\n<link rel=\"stylesheet\" href=\"css\/bootstrap.min.css\">\n\n\n<ul class=\"pagination\">\n\t    \n\t\n\n<li >\n\t<a href='?page_no=22190'>Previous<\/a>\n\t<\/li>\n\n\n       \n    \n\n<li><a href='?page_no=1'>1<\/a><\/li>\n\n\n\n<li><a href='?page_no=2'>2<\/a><\/li>\n\n\n\n<li><a>...<\/a><\/li>\n\n\n\n<li><a href='?page_no=22189'>22189<\/a><\/li>\n\n\n\n<li><a href='?page_no=22190'>22190<\/a><\/li>\n\n\n\n<li class='active'><a>22191<\/a><\/li>\n\n\n\n<li><a href='?page_no=22192'>22192<\/a><\/li>\n\n\n\n<li><a href='?page_no=22193'>22193<\/a><\/li>\n\n\n\n<li><a>...<\/a><\/li>\n\n\n\n<li><a href='?page_no=51012'>51012<\/a><\/li>\n\n\n\n<li><a href='?page_no=51013'>51013<\/a><\/li>\n\n    \n\t\n\n<li >\n\t<a href='?page_no=22192'>Next<\/a>\n\t<\/li>\n\n\n    \n\n<li><a href='?page_no=51013'>Last &rsaquo;&rsaquo;<\/a><\/li>\n\n<\/ul>\n\n\n--><br \/>\n<\/body><\/p>\n","protected":false},"excerpt":{"rendered":"<p>MARIANA, Brasil, 7 nov (Xinhua) &#8212; A 28 aument\u00f3 el n\u00famero de desaparecidos tras el rompimiento de dos barreras en el dep\u00f3sito de residuos de una empresa minera del estado de Minas Gerais, en el sureste de Brasil, inform\u00f3 hoy el alcalde del municipio de Mariana, Duarte J\u00fanio. En una rueda de prensa, el alcalde [&hellip;]<\/p>\n","protected":false},"author":3,"featured_media":0,"comment_status":"open","ping_status":"open","sticky":false,"template":"","format":"standard","meta":{"footnotes":""},"categories":[23],"tags":[],"class_list":["post-252546","post","type-post","status-publish","format-standard","hentry","category-internacional"],"_links":{"self":[{"href":"https:\/\/diariodominicano.com\/index.php?rest_route=\/wp\/v2\/posts\/252546","targetHints":{"allow":["GET"]}}],"collection":[{"href":"https:\/\/diariodominicano.com\/index.php?rest_route=\/wp\/v2\/posts"}],"about":[{"href":"https:\/\/diariodominicano.com\/index.php?rest_route=\/wp\/v2\/types\/post"}],"author":[{"embeddable":true,"href":"https:\/\/diariodominicano.com\/index.php?rest_route=\/wp\/v2\/users\/3"}],"replies":[{"embeddable":true,"href":"https:\/\/diariodominicano.com\/index.php?rest_route=%2Fwp%2Fv2%2Fcomments&post=252546"}],"version-history":[{"count":0,"href":"https:\/\/diariodominicano.com\/index.php?rest_route=\/wp\/v2\/posts\/252546\/revisions"}],"wp:attachment":[{"href":"https:\/\/diariodominicano.com\/index.php?rest_route=%2Fwp%2Fv2%2Fmedia&parent=252546"}],"wp:term":[{"taxonomy":"category","embeddable":true,"href":"https:\/\/diariodominicano.com\/index.php?rest_route=%2Fwp%2Fv2%2Fcategories&post=252546"},{"taxonomy":"post_tag","embeddable":true,"href":"https:\/\/diariodominicano.com\/index.php?rest_route=%2Fwp%2Fv2%2Ftags&post=252546"}],"curies":[{"name":"wp","href":"https:\/\/api.w.org\/{rel}","templated":true}]}}