{"id":252545,"date":"2015-11-07T17:14:56","date_gmt":"2015-11-07T17:14:56","guid":{"rendered":"http:\/\/diariodominicano.ddns.net\/?p=252545"},"modified":"2015-11-07T17:14:56","modified_gmt":"2015-11-07T17:14:56","slug":"oms-concluye-transmision-de-virus-de-ebola-en-sierra-leona","status":"publish","type":"post","link":"https:\/\/diariodominicano.com\/?p=252545","title":{"rendered":"OMS: Concluye transmisi\u00f3n de virus de \u00e9bola en Sierra Leona"},"content":{"rendered":"<p><body><\/p>\n<p><img decoding=\"async\" src=\"img3\/ebola.jpg\" \/>  <\/p>\n<p><span class=\"text1noticias\">     GINEBRA, 7 nov (Xinhua) &#8212; La Organizaci\u00f3n Mundial de la Salud (OMS) declar\u00f3 que la transmisi\u00f3n del virus del \u00e9bola en Sierra Leona concluy\u00f3.<\/span><\/p>\n<\/p>\n<p><span class=\"text1noticias\">     La OMS hizo la declaraci\u00f3n despu\u00e9s de 42 d\u00edas, o dos ciclos de incubaci\u00f3n del virus, de que la \u00faltima persona que fue confirmada con el virus del \u00e9bola dio negativo en una  segunda prueba de sangre.<\/span><\/p>\n<\/p>\n<p><span class=\"text1noticias\">     \u00abDesde que Sierra Leona registr\u00f3 el primer caso de \u00e9bola en mayo de 2014, una cifra total de 8.704 personas se contagiaron y 3.589 han muerto, 221 de ellos  trabajadores de la salud, todos ellos ser\u00e1n recordados en este d\u00eda\u00bb, indica un comunicado de la OMS que cita al doctor Anders Nordstrom, representante de la organizaci\u00f3n en Sierra Leona.<\/span><\/p>\n<\/p>\n<p><span class=\"text1noticias\">     El pa\u00eds entra ahora en un periodo de 90 d\u00edas de vigilancia reforzada que se llevar\u00e1 a cabo hasta el 5 de febrero de 2016 y la OMS dice que continuar\u00e1 apoyando a Sierra Leona durante el periodo. La organizaci\u00f3n subray\u00f3 que esta nueva fase es critica para garantizar la detecci\u00f3n oportuna de cualquier posible caso de la enfermedad del virus del \u00e9bola.<\/span><\/p>\n<\/p>\n<p><span class=\"text1noticias\">     La OMS elogi\u00f3 al gobierno de Sierra Leona y su pueblo por lograr este hito en la lucha del pa\u00eds contra el \u00e9bola.<\/span><\/p>\n<\/p>\n<p><span class=\"text1noticias\">     \u00abSierra Leona alcanz\u00f3 este hito a trav\u00e9s de un trabajo y compromiso arduos al combatir el brote sin mayor precedente del virus del \u00e9bola en la historia humana\u00bb, indica el comunicado.<\/span> Fin<\/p>\n<h6> 2015-11-07 17:14:56 <\/h6>\n<p><!--\n<link rel=\"stylesheet\" href=\"css\/bootstrap.min.css\">\n\n\n<ul class=\"pagination\">\n\t    \n\t\n\n<li >\n\t<a href='?page_no=22189'>Previous<\/a>\n\t<\/li>\n\n\n       \n    \n\n<li><a href='?page_no=1'>1<\/a><\/li>\n\n\n\n<li><a href='?page_no=2'>2<\/a><\/li>\n\n\n\n<li><a>...<\/a><\/li>\n\n\n\n<li><a href='?page_no=22188'>22188<\/a><\/li>\n\n\n\n<li><a href='?page_no=22189'>22189<\/a><\/li>\n\n\n\n<li class='active'><a>22190<\/a><\/li>\n\n\n\n<li><a href='?page_no=22191'>22191<\/a><\/li>\n\n\n\n<li><a href='?page_no=22192'>22192<\/a><\/li>\n\n\n\n<li><a>...<\/a><\/li>\n\n\n\n<li><a href='?page_no=51012'>51012<\/a><\/li>\n\n\n\n<li><a href='?page_no=51013'>51013<\/a><\/li>\n\n    \n\t\n\n<li >\n\t<a href='?page_no=22191'>Next<\/a>\n\t<\/li>\n\n\n    \n\n<li><a href='?page_no=51013'>Last &rsaquo;&rsaquo;<\/a><\/li>\n\n<\/ul>\n\n\n--><br \/>\n<\/body><\/p>\n","protected":false},"excerpt":{"rendered":"<p>GINEBRA, 7 nov (Xinhua) &#8212; La Organizaci\u00f3n Mundial de la Salud (OMS) declar\u00f3 que la transmisi\u00f3n del virus del \u00e9bola en Sierra Leona concluy\u00f3. La OMS hizo la declaraci\u00f3n despu\u00e9s de 42 d\u00edas, o dos ciclos de incubaci\u00f3n del virus, de que la \u00faltima persona que fue confirmada con el virus del \u00e9bola dio negativo [&hellip;]<\/p>\n","protected":false},"author":3,"featured_media":0,"comment_status":"open","ping_status":"open","sticky":false,"template":"","format":"standard","meta":{"footnotes":""},"categories":[23],"tags":[],"class_list":["post-252545","post","type-post","status-publish","format-standard","hentry","category-internacional"],"_links":{"self":[{"href":"https:\/\/diariodominicano.com\/index.php?rest_route=\/wp\/v2\/posts\/252545","targetHints":{"allow":["GET"]}}],"collection":[{"href":"https:\/\/diariodominicano.com\/index.php?rest_route=\/wp\/v2\/posts"}],"about":[{"href":"https:\/\/diariodominicano.com\/index.php?rest_route=\/wp\/v2\/types\/post"}],"author":[{"embeddable":true,"href":"https:\/\/diariodominicano.com\/index.php?rest_route=\/wp\/v2\/users\/3"}],"replies":[{"embeddable":true,"href":"https:\/\/diariodominicano.com\/index.php?rest_route=%2Fwp%2Fv2%2Fcomments&post=252545"}],"version-history":[{"count":0,"href":"https:\/\/diariodominicano.com\/index.php?rest_route=\/wp\/v2\/posts\/252545\/revisions"}],"wp:attachment":[{"href":"https:\/\/diariodominicano.com\/index.php?rest_route=%2Fwp%2Fv2%2Fmedia&parent=252545"}],"wp:term":[{"taxonomy":"category","embeddable":true,"href":"https:\/\/diariodominicano.com\/index.php?rest_route=%2Fwp%2Fv2%2Fcategories&post=252545"},{"taxonomy":"post_tag","embeddable":true,"href":"https:\/\/diariodominicano.com\/index.php?rest_route=%2Fwp%2Fv2%2Ftags&post=252545"}],"curies":[{"name":"wp","href":"https:\/\/api.w.org\/{rel}","templated":true}]}}