{"id":252543,"date":"2015-11-07T20:49:22","date_gmt":"2015-11-07T20:49:22","guid":{"rendered":"http:\/\/diariodominicano.ddns.net\/?p=252543"},"modified":"2015-11-07T20:49:22","modified_gmt":"2015-11-07T20:49:22","slug":"elogian-prohibicion-china-a-importacion-de-trofeos-por-caceria-de-marfil-africano","status":"publish","type":"post","link":"https:\/\/diariodominicano.com\/?p=252543","title":{"rendered":"Elogian prohibici\u00f3n China a importaci\u00f3n de trofeos por cacer\u00eda de marfil africano"},"content":{"rendered":"<p><body><\/p>\n<p><span class=\"text1noticias\">NAIROBI, 7 nov (Xinhua) &#8212; La organizaci\u00f3n africana de conservaci\u00f3n de especies AWF elogi\u00f3 al gobierno de China por imponer una prohibici\u00f3n de un a\u00f1o sobre las importaciones de trofeos de cacer\u00eda de marfil africano, calificando el hecho como un triunfo sobre la rampante cacer\u00eda furtiva en el continente.<\/span><\/p>\n<p><span class=\"text1noticias\"> <\/span><\/p>\n<p><span class=\"text1noticias\">El Dr. Patrick Bergin, director general de la Fundaci\u00f3n de Vida Silvestre de Africa (AWF, por sus siglas en ingl\u00e9s), declar\u00f3 que la prohibici\u00f3n abarcar\u00e1 significativas y oportunas restricciones sobre la importaci\u00f3n de marfil como trofeos de cacer\u00eda as\u00ed como acciones adecuadas para detener el comercio nacional de marfil.<\/span><\/p>\n<p><span class=\"text1noticias\"> <\/span><\/p>\n<p><span class=\"text1noticias\">\u00abAl aceptar la firma de un acuerdo para dar fin al comercio global de marfil en su territorio, China pone un ejemplo para todo el mundo\u00bb, dijo Bergin a Xinhua en una entrevista.<\/span><\/p>\n<p><span class=\"text1noticias\"> <\/span><\/p>\n<p><span class=\"text1noticias\">Las autoridades chinas impusieron la prohibici\u00f3n el 15 de octubre, dos semanas despu\u00e9s de que el presidente de China, Xi Jinping, y su hom\u00f3logo de Estados Unidos, Barack Obama, anunciaron que las dos naciones tomar\u00edan una pronta acci\u00f3n para proteger a los elefantes de la actual crisis de cacer\u00eda furtiva.<\/span><\/p>\n<p><span class=\"text1noticias\"> <\/span><\/p>\n<p><span class=\"text1noticias\">Analistas se\u00f1alan que el compromiso de las dos potencias globales significa \u00abcasi una total prohibici\u00f3n\u00bb sobre la importaci\u00f3n y exportaci\u00f3n de marfil y representa un importante paso en los esfuerzos para cerrar una industria que se nutre de la cacer\u00eda ilegal de elefantes.<\/span><\/p>\n<p><span class=\"text1noticias\">Bergin dijo que la acci\u00f3n debe ser emulada por otros socios de desarrollo para ayudar a mejorar la poblaci\u00f3n de flora y fauna en el mundo.<\/span><\/p>\n<p><span class=\"text1noticias\"> <\/span><\/p>\n<p><span class=\"text1noticias\">Se\u00f1al\u00f3 que la  AWF y otros socios han logrado asegurar que la protecci\u00f3n de la vida silvestre forme parte del pr\u00f3ximo foro sobre Cooperaci\u00f3n China-Africa (FOCAC) que tendr\u00e1 lugar en Sud\u00e1frica en diciembre.<\/span><\/p>\n<p><span class=\"text1noticias\"> <\/span><\/p>\n<p><span class=\"text1noticias\">\u00abEl asunto ser\u00e1 parte de las discusiones de alto nivel y ser\u00e1 la primera ocasi\u00f3n que la flora y fauna y la conservaci\u00f3n del medio ambiente se discutan en el foro\u00bb, agreg\u00f3.<\/span><\/p>\n<p><span class=\"text1noticias\"> <\/span><\/p>\n<p><span class=\"text1noticias\">Bergin dijo que los gobiernos y los organismos regionales en colaboraci\u00f3n con las organizaciones de conservaci\u00f3n necesitan ponerse de acuerdo sobre la forma en que se puede apoyar la protecci\u00f3n de la vida silvestre.<\/span><\/p>\n<p><span class=\"text1noticias\"> <\/span><\/p>\n<p><span class=\"text1noticias\">Bergin mencion\u00f3 que la poblaci\u00f3n de flora y fauna de Africa se est\u00e1 recuperando debido a los esfuerzos concertados de conservaci\u00f3n  atribuidos a la cooperaci\u00f3n y las contribuciones de sectores privados y p\u00fablicos a nivel regional e internacional.<\/span><\/p>\n<p><span class=\"text1noticias\"> <\/span><\/p>\n<p><span class=\"text1noticias\">\u00abHemos visto progreso a trav\u00e9s de la asociaci\u00f3n y ahora tenemos que mantener la presi\u00f3n para garantizar que la injustificada destrucci\u00f3n de la vida silvestre se detenga\u00bb, se\u00f1al\u00f3.<\/span><\/p>\n<p><span class=\"text1noticias\"> <\/span><\/p>\n<p><span class=\"text1noticias\">El grupo conservacionista revel\u00f3 que el n\u00famero de gorilas de monta\u00f1a, en extremo peligro de extinci\u00f3n, que actualmente es el \u00fanico simio de grandes proporciones en Africa, ha aumentado, luego de haber estado al borde de la extinci\u00f3n.<\/span><\/p>\n<p><span class=\"text1noticias\"> <\/span><\/p>\n<p><span class=\"text1noticias\">Mencion\u00f3 que el n\u00famero de poblaci\u00f3n silvestre se ha incrementado tremendamente, con lo que el rinoceronte blanca llega ahora a 20.000 de menos de 100.<\/span><\/p>\n<p><span class=\"text1noticias\"> <\/span><\/p>\n<p><span class=\"text1noticias\">Bergin observ\u00f3 que pa\u00edses como China, quienes realizan esfuerzos de conservaci\u00f3n, necesitan ser incorporados para ayudar a mantener la poblaci\u00f3n de flora y fauna en Africa.<\/span><\/p>\n<p><span class=\"text1noticias\"> <\/span><\/p>\n<p><span class=\"text1noticias\">\u00abEn los \u00faltimos cinco a\u00f1os, hemos visto alarmantes reducciones en las populaciones de flora y fauna en Africa que han llevado a la p\u00e9rdida de 100.000 elefantes en Tanzania y Mozambique tan s\u00f3lo, y de 1.215 rinocerontes en Sud\u00e1frica en 2014\u00bb, mencion\u00f3.<\/span><\/p>\n<p><span class=\"text1noticias\"> <\/span><\/p>\n<p><span class=\"text1noticias\">Revel\u00f3 que el n\u00famero de leones africanos que actualmente se calcula en 20.000 podr\u00eda disminuir a la mitad en los pr\u00f3ximos 20 a\u00f1os a menos que se tome acci\u00f3n.<\/span><\/p>\n<p><span class=\"text1noticias\"> <\/span><\/p>\n<p><span class=\"text1noticias\">En los \u00faltimos dos a\u00f1os la AWF y el Instituto Aspen han organizado un Serie de Di\u00e1logos entre China y Africa con la participaci\u00f3n de l\u00edderes de la sociedad civil de China y de Africa.<\/span><\/p>\n<p><span class=\"text1noticias\"> <\/span><\/p>\n<p><span class=\"text1noticias\">El director general de la AWF elogi\u00f3 el Fondo de Desarrollo Africa del Banco de Desarrollo de China por crear una oportunidad para el despegue del desarrollo en el continente africano.<\/span><\/p>\n<p><span class=\"text1noticias\"> <\/span><\/p>\n<p><span class=\"text1noticias\">\u00abLos gobiernos deben garantizar que los proyectos de desarrollo financiados por el banco se inviertan de manera que no interfieran en la protecci\u00f3n del medio ambiente y de la flora y fauna\u00bb, declar\u00f3 Bergin.<\/span><\/p>\n<p><span class=\"text1noticias\"> <\/span><\/p>\n<p><span class=\"text1noticias\">Indic\u00f3 que la tecnolog\u00eda debe aplicarse para asegurar la identificaci\u00f3n de puntos problem\u00e1ticos para la conservaci\u00f3n y al mismo tiempo garantizar que los corredores de vida silvestre y sus \u00e1reas de pastizales est\u00e9n protegidas.<\/span><\/p>\n<p><span class=\"text1noticias\"> <\/span><\/p>\n<p><span class=\"text1noticias\">\u00abLa gente que aplica proyectos de desarrollo debe utilizar la informaci\u00f3n disponible en colaboraci\u00f3n con expertos en conservaci\u00f3n de vida silvestre en su planeaci\u00f3n, y minimizar los impactos negativos en la flora y fauna\u00bb, a\u00f1adi\u00f3.<\/span><\/p>\n<p><span class=\"text1noticias\"> <\/span><\/p>\n<p><span class=\"text1noticias\">La AWF, creada en 1961 como la Fundaci\u00f3n Africana de Liderazgo de Flora y Fauna, es una organizaci\u00f3n internacional de conservaci\u00f3n que se enfoca en la protecci\u00f3n de tierras y de flora<\/span> y fauna en Africa. <\/p>\n<h6> 2015-11-07 20:49:22 <\/h6>\n<p><!--\n<link rel=\"stylesheet\" href=\"css\/bootstrap.min.css\">\n\n\n<ul class=\"pagination\">\n\t    \n\t\n\n<li >\n\t<a href='?page_no=22187'>Previous<\/a>\n\t<\/li>\n\n\n       \n    \n\n<li><a href='?page_no=1'>1<\/a><\/li>\n\n\n\n<li><a href='?page_no=2'>2<\/a><\/li>\n\n\n\n<li><a>...<\/a><\/li>\n\n\n\n<li><a href='?page_no=22186'>22186<\/a><\/li>\n\n\n\n<li><a href='?page_no=22187'>22187<\/a><\/li>\n\n\n\n<li class='active'><a>22188<\/a><\/li>\n\n\n\n<li><a href='?page_no=22189'>22189<\/a><\/li>\n\n\n\n<li><a href='?page_no=22190'>22190<\/a><\/li>\n\n\n\n<li><a>...<\/a><\/li>\n\n\n\n<li><a href='?page_no=51012'>51012<\/a><\/li>\n\n\n\n<li><a href='?page_no=51013'>51013<\/a><\/li>\n\n    \n\t\n\n<li >\n\t<a href='?page_no=22189'>Next<\/a>\n\t<\/li>\n\n\n    \n\n<li><a href='?page_no=51013'>Last &rsaquo;&rsaquo;<\/a><\/li>\n\n<\/ul>\n\n\n--><br \/>\n<\/body><\/p>\n","protected":false},"excerpt":{"rendered":"<p>NAIROBI, 7 nov (Xinhua) &#8212; La organizaci\u00f3n africana de conservaci\u00f3n de especies AWF elogi\u00f3 al gobierno de China por imponer una prohibici\u00f3n de un a\u00f1o sobre las importaciones de trofeos de cacer\u00eda de marfil africano, calificando el hecho como un triunfo sobre la rampante cacer\u00eda furtiva en el continente. El Dr. Patrick Bergin, director general [&hellip;]<\/p>\n","protected":false},"author":3,"featured_media":0,"comment_status":"open","ping_status":"open","sticky":false,"template":"","format":"standard","meta":{"footnotes":""},"categories":[23],"tags":[],"class_list":["post-252543","post","type-post","status-publish","format-standard","hentry","category-internacional"],"_links":{"self":[{"href":"https:\/\/diariodominicano.com\/index.php?rest_route=\/wp\/v2\/posts\/252543","targetHints":{"allow":["GET"]}}],"collection":[{"href":"https:\/\/diariodominicano.com\/index.php?rest_route=\/wp\/v2\/posts"}],"about":[{"href":"https:\/\/diariodominicano.com\/index.php?rest_route=\/wp\/v2\/types\/post"}],"author":[{"embeddable":true,"href":"https:\/\/diariodominicano.com\/index.php?rest_route=\/wp\/v2\/users\/3"}],"replies":[{"embeddable":true,"href":"https:\/\/diariodominicano.com\/index.php?rest_route=%2Fwp%2Fv2%2Fcomments&post=252543"}],"version-history":[{"count":0,"href":"https:\/\/diariodominicano.com\/index.php?rest_route=\/wp\/v2\/posts\/252543\/revisions"}],"wp:attachment":[{"href":"https:\/\/diariodominicano.com\/index.php?rest_route=%2Fwp%2Fv2%2Fmedia&parent=252543"}],"wp:term":[{"taxonomy":"category","embeddable":true,"href":"https:\/\/diariodominicano.com\/index.php?rest_route=%2Fwp%2Fv2%2Fcategories&post=252543"},{"taxonomy":"post_tag","embeddable":true,"href":"https:\/\/diariodominicano.com\/index.php?rest_route=%2Fwp%2Fv2%2Ftags&post=252543"}],"curies":[{"name":"wp","href":"https:\/\/api.w.org\/{rel}","templated":true}]}}