{"id":252542,"date":"2015-11-07T20:57:27","date_gmt":"2015-11-07T20:57:27","guid":{"rendered":"http:\/\/diariodominicano.ddns.net\/?p=252542"},"modified":"2015-11-07T20:57:27","modified_gmt":"2015-11-07T20:57:27","slug":"cientos-de-miles-de-personas-marchan-contra-violencia-genero-en-espana","status":"publish","type":"post","link":"https:\/\/diariodominicano.com\/?p=252542","title":{"rendered":"Cientos de miles de personas marchan contra violencia g\u00e9nero en Espa\u00f1a"},"content":{"rendered":"<p><body><\/p>\n<p><img decoding=\"async\" src=\"img3\/protesta.jpg\" \/>  <\/p>\n<p>MADRID, 7 nov (Xinhua) &#8212; Cientos de miles de personas, en su mayor\u00eda mujeres, se manifestaron hoy en Madrid contra la violencia de g\u00e9nero y para pedir que el problema sea considerado un asunto de Estado.<\/p>\n<\/p>\n<p>A la marcha asistieron representantes de organizaciones sociales, sindicatos y partidos, entre ellos Pedro S\u00e1nchez, del opositor Partido Socialista Obrero Espa\u00f1ol (PSOE); Pablo Iglesias, de Podemos; Alberto Garz\u00f3n, de Izquierda Unida (IU); y la vicesecretaria general de Estudios y Programas del Partido Popular (PP), Andrea Levy.<\/p>\n<\/p>\n<p>La marcha, que se desarrollado sin incidentes mayores, dur\u00f3 unas dos horas y media y concluy\u00f3 en la Plaza de Espa\u00f1a de la capital espa\u00f1ola, donde se hizo lectura de un manifiesto en todas las lenguas oficiales con traducci\u00f3n a lengua de signos.<\/p>\n<\/p>\n<p>Durante 2015 la \u00abviolencia machista\u00bb se ha cobrado la vida de 41 personas, seg\u00fan los datos oficiales, si bien las organizaciones feministas elevan la cifra a 57 contando los casos de asesinatos que a\u00fan no ha resuelto la justicia, seg\u00fan el comunicado oficial de los organizadores.<\/p>\n<\/p>\n<p>Por \u00faltimo, dentro de un ambiente reivindicativo, los participantes recorrieron las calles y corearon lemas para exigir respeto de los derechos y la libertad de las mujeres y con pancartas con la leyenda \u00abNi una mujer m\u00e1s asesinada\u00bb<\/p>\n<h6> 2015-11-07 20:57:27 <\/h6>\n<p><!--\n<link rel=\"stylesheet\" href=\"css\/bootstrap.min.css\">\n\n\n<ul class=\"pagination\">\n\t    \n\t\n\n<li >\n\t<a href='?page_no=22186'>Previous<\/a>\n\t<\/li>\n\n\n       \n    \n\n<li><a href='?page_no=1'>1<\/a><\/li>\n\n\n\n<li><a href='?page_no=2'>2<\/a><\/li>\n\n\n\n<li><a>...<\/a><\/li>\n\n\n\n<li><a href='?page_no=22185'>22185<\/a><\/li>\n\n\n\n<li><a href='?page_no=22186'>22186<\/a><\/li>\n\n\n\n<li class='active'><a>22187<\/a><\/li>\n\n\n\n<li><a href='?page_no=22188'>22188<\/a><\/li>\n\n\n\n<li><a href='?page_no=22189'>22189<\/a><\/li>\n\n\n\n<li><a>...<\/a><\/li>\n\n\n\n<li><a href='?page_no=51012'>51012<\/a><\/li>\n\n\n\n<li><a href='?page_no=51013'>51013<\/a><\/li>\n\n    \n\t\n\n<li >\n\t<a href='?page_no=22188'>Next<\/a>\n\t<\/li>\n\n\n    \n\n<li><a href='?page_no=51013'>Last &rsaquo;&rsaquo;<\/a><\/li>\n\n<\/ul>\n\n\n--><br \/>\n<\/body><\/p>\n","protected":false},"excerpt":{"rendered":"<p>MADRID, 7 nov (Xinhua) &#8212; Cientos de miles de personas, en su mayor\u00eda mujeres, se manifestaron hoy en Madrid contra la violencia de g\u00e9nero y para pedir que el problema sea considerado un asunto de Estado. A la marcha asistieron representantes de organizaciones sociales, sindicatos y partidos, entre ellos Pedro S\u00e1nchez, del opositor Partido Socialista [&hellip;]<\/p>\n","protected":false},"author":3,"featured_media":0,"comment_status":"open","ping_status":"open","sticky":false,"template":"","format":"standard","meta":{"footnotes":""},"categories":[23],"tags":[],"class_list":["post-252542","post","type-post","status-publish","format-standard","hentry","category-internacional"],"_links":{"self":[{"href":"https:\/\/diariodominicano.com\/index.php?rest_route=\/wp\/v2\/posts\/252542","targetHints":{"allow":["GET"]}}],"collection":[{"href":"https:\/\/diariodominicano.com\/index.php?rest_route=\/wp\/v2\/posts"}],"about":[{"href":"https:\/\/diariodominicano.com\/index.php?rest_route=\/wp\/v2\/types\/post"}],"author":[{"embeddable":true,"href":"https:\/\/diariodominicano.com\/index.php?rest_route=\/wp\/v2\/users\/3"}],"replies":[{"embeddable":true,"href":"https:\/\/diariodominicano.com\/index.php?rest_route=%2Fwp%2Fv2%2Fcomments&post=252542"}],"version-history":[{"count":0,"href":"https:\/\/diariodominicano.com\/index.php?rest_route=\/wp\/v2\/posts\/252542\/revisions"}],"wp:attachment":[{"href":"https:\/\/diariodominicano.com\/index.php?rest_route=%2Fwp%2Fv2%2Fmedia&parent=252542"}],"wp:term":[{"taxonomy":"category","embeddable":true,"href":"https:\/\/diariodominicano.com\/index.php?rest_route=%2Fwp%2Fv2%2Fcategories&post=252542"},{"taxonomy":"post_tag","embeddable":true,"href":"https:\/\/diariodominicano.com\/index.php?rest_route=%2Fwp%2Fv2%2Ftags&post=252542"}],"curies":[{"name":"wp","href":"https:\/\/api.w.org\/{rel}","templated":true}]}}