{"id":252540,"date":"2015-11-07T22:09:28","date_gmt":"2015-11-07T22:09:28","guid":{"rendered":"http:\/\/diariodominicano.ddns.net\/?p=252540"},"modified":"2015-11-07T22:09:28","modified_gmt":"2015-11-07T22:09:28","slug":"ordenan-prision-a-persona-por-ayudar-en-fuga-el-chapo-guzman","status":"publish","type":"post","link":"https:\/\/diariodominicano.com\/?p=252540","title":{"rendered":"Ordenan prisi\u00f3n a persona por ayudar en fuga \u00abEl Chapo\u00bb Guzman"},"content":{"rendered":"<p><body><\/p>\n<p><span class=\"text1noticias\">MEXICO, 7 nov ( Xinhua) &#8212; Una persona que particip\u00f3 desde el exterior en la fuga del narcotraficante Joaqu\u00edn \u00abEl Chapo\u00bb Guzm\u00e1n, el pasado mes de julio de 2015, recibi\u00f3 el auto de formal prisi\u00f3n, inform\u00f3 hoy la Procuradur\u00eda General de la Rep\u00fablica (PGR, fiscal\u00eda).  <\/span><\/p>\n<p><span class=\"text1noticias\"> <\/span><\/p>\n<p><span class=\"text1noticias\">Sin dar a conocer su identidad, aunque medios locales de comunicaci\u00f3n se\u00f1alan que se trata de L\u00e1zaro de Jes\u00fas Araujo Ju\u00e1rez, quien supervis\u00f3 la construcci\u00f3n del t\u00fanel por el cual se escap\u00f3 Guzm\u00e1n, es acusado de encubrimiento por el juez Cuarto de Distrito de Procesos Penales Federales, en el estado de M\u00e9xico.<\/span><\/p>\n<p><span class=\"text1noticias\"> <\/span><\/p>\n<p><span class=\"text1noticias\">La fuga de Guzm\u00e1n se produjo la noche del 11 del mes de julio desde la prisi\u00f3n de m\u00e1xima seguridad, Centro Federal de Readaptaci\u00f3n Social n\u00famero 1, conocido como el Altiplano.<\/span><\/p>\n<p><span class=\"text1noticias\"> <\/span><\/p>\n<p><span class=\"text1noticias\">La PGR, a trav\u00e9s de la Subprocuradur\u00eda Especializada en Investigaci\u00f3n de Delincuencia Organizada (SEIDO) inform\u00f3 que al indiciado se le atribuye la omisi\u00f3n de hacer del conocimiento a las autoridades de la construcci\u00f3n del t\u00fanel por donde escap\u00f3 el narcotraficante.<\/span><\/p>\n<p><span class=\"text1noticias\"> <\/span><\/p>\n<p><span class=\"text1noticias\">Se indic\u00f3 que Araujo Ju\u00e1rez, hijo de L\u00e1zaro Araujo Burgos, el ingeniero responsable de varios narcot\u00faneles en la frontera de M\u00e9xico con Estados Unidos, era el encargado de supervisar la construcci\u00f3n del pasadizo que condujo hasta la celda de \u00abEl Chapo Guzm\u00e1n\u00bb.<\/span><\/p>\n<p><span class=\"text1noticias\"> <\/span><\/p>\n<p><span class=\"text1noticias\">Las autoridades mexicanas tienen detenidas a 22 personas, entre ellas a 13 ex funcionarios, vinculados en la fuga del narcotraficante, incluido a L\u00e1zaro Araujo Bur<\/span>gos. <\/p>\n<h6> 2015-11-07 22:09:28 <\/h6>\n<p><!--\n<link rel=\"stylesheet\" href=\"css\/bootstrap.min.css\">\n\n\n<ul class=\"pagination\">\n\t    \n\t\n\n<li >\n\t<a href='?page_no=22184'>Previous<\/a>\n\t<\/li>\n\n\n       \n    \n\n<li><a href='?page_no=1'>1<\/a><\/li>\n\n\n\n<li><a href='?page_no=2'>2<\/a><\/li>\n\n\n\n<li><a>...<\/a><\/li>\n\n\n\n<li><a href='?page_no=22183'>22183<\/a><\/li>\n\n\n\n<li><a href='?page_no=22184'>22184<\/a><\/li>\n\n\n\n<li class='active'><a>22185<\/a><\/li>\n\n\n\n<li><a href='?page_no=22186'>22186<\/a><\/li>\n\n\n\n<li><a href='?page_no=22187'>22187<\/a><\/li>\n\n\n\n<li><a>...<\/a><\/li>\n\n\n\n<li><a href='?page_no=51012'>51012<\/a><\/li>\n\n\n\n<li><a href='?page_no=51013'>51013<\/a><\/li>\n\n    \n\t\n\n<li >\n\t<a href='?page_no=22186'>Next<\/a>\n\t<\/li>\n\n\n    \n\n<li><a href='?page_no=51013'>Last &rsaquo;&rsaquo;<\/a><\/li>\n\n<\/ul>\n\n\n--><br \/>\n<\/body><\/p>\n","protected":false},"excerpt":{"rendered":"<p>MEXICO, 7 nov ( Xinhua) &#8212; Una persona que particip\u00f3 desde el exterior en la fuga del narcotraficante Joaqu\u00edn \u00abEl Chapo\u00bb Guzm\u00e1n, el pasado mes de julio de 2015, recibi\u00f3 el auto de formal prisi\u00f3n, inform\u00f3 hoy la Procuradur\u00eda General de la Rep\u00fablica (PGR, fiscal\u00eda). Sin dar a conocer su identidad, aunque medios locales de [&hellip;]<\/p>\n","protected":false},"author":3,"featured_media":0,"comment_status":"open","ping_status":"open","sticky":false,"template":"","format":"standard","meta":{"footnotes":""},"categories":[23],"tags":[],"class_list":["post-252540","post","type-post","status-publish","format-standard","hentry","category-internacional"],"_links":{"self":[{"href":"https:\/\/diariodominicano.com\/index.php?rest_route=\/wp\/v2\/posts\/252540","targetHints":{"allow":["GET"]}}],"collection":[{"href":"https:\/\/diariodominicano.com\/index.php?rest_route=\/wp\/v2\/posts"}],"about":[{"href":"https:\/\/diariodominicano.com\/index.php?rest_route=\/wp\/v2\/types\/post"}],"author":[{"embeddable":true,"href":"https:\/\/diariodominicano.com\/index.php?rest_route=\/wp\/v2\/users\/3"}],"replies":[{"embeddable":true,"href":"https:\/\/diariodominicano.com\/index.php?rest_route=%2Fwp%2Fv2%2Fcomments&post=252540"}],"version-history":[{"count":0,"href":"https:\/\/diariodominicano.com\/index.php?rest_route=\/wp\/v2\/posts\/252540\/revisions"}],"wp:attachment":[{"href":"https:\/\/diariodominicano.com\/index.php?rest_route=%2Fwp%2Fv2%2Fmedia&parent=252540"}],"wp:term":[{"taxonomy":"category","embeddable":true,"href":"https:\/\/diariodominicano.com\/index.php?rest_route=%2Fwp%2Fv2%2Fcategories&post=252540"},{"taxonomy":"post_tag","embeddable":true,"href":"https:\/\/diariodominicano.com\/index.php?rest_route=%2Fwp%2Fv2%2Ftags&post=252540"}],"curies":[{"name":"wp","href":"https:\/\/api.w.org\/{rel}","templated":true}]}}