{"id":252539,"date":"2015-11-08T15:22:09","date_gmt":"2015-11-08T15:22:09","guid":{"rendered":"http:\/\/diariodominicano.ddns.net\/?p=252539"},"modified":"2015-11-08T15:22:09","modified_gmt":"2015-11-08T15:22:09","slug":"presidente-maduro-convoca-a-masiva-participacion-en-ensayo-electoral","status":"publish","type":"post","link":"https:\/\/diariodominicano.com\/?p=252539","title":{"rendered":"Presidente Maduro convoca a masiva participaci\u00f3n en ensayo electoral"},"content":{"rendered":"<p><body><\/p>\n<p><img decoding=\"async\" src=\"img3\/tor 1.jpg\" \/>  <\/p>\n<p>Caracas, Venezuela 8 noviembre (PL) .- El presidente de Venezuela, Nicol\u00e1s Maduro, llam\u00f3 hoy a toda la poblaci\u00f3n a sumarse a un ejercicio de movilizaci\u00f3n del Gran Polo Patri\u00f3tico (GPP) de cara a elecciones parlamentarias el 6 de diciembre.<\/p>\n<\/p>\n<p>En su cuenta en la red social Twitter, el mandatario asever\u00f3 que la jornada de este domingo, la naci\u00f3n presenciar\u00e1 un ensayo para la victoria de las fuerzas revolucionarias, a menos de un mes de esa consulta.<\/p>\n<\/p>\n<p>Para Maduro, el triunfo en esos sufragios ser\u00e1 un homenaje al presidente Hugo Ch\u00e1vez (fallecido en 2013), l\u00edder de la Revoluci\u00f3n bolivariana.<\/p>\n<\/p>\n<p>El jefe de Estado, tambi\u00e9n m\u00e1xima autoridad del Partido Socialista Unido de Venezuela (PSUV), indic\u00f3 a las estructuras de base d esa organizaci\u00f3n pol\u00edtica que continuaran ampliando la movilizaci\u00f3n para asistir al simulacro de votaci\u00f3n en m\u00e1s de 14 mil puntos en las 87 circunscripciones y 24 Estados.<\/p>\n<\/p>\n<p>En referencia al ejercicio, que se repetir\u00e1 el pr\u00f3ximo 22 de noviembre, preciso que se trata de un primer ensayo y llam\u00f3 a trabajar en serio, en uni\u00f3n perfecta para defender a la Patria.<\/p>\n<\/p>\n<p>Al asistir a los colegios preparados para este pr\u00e1ctica, otros dirigentes nacionales, como la actual vicepresidenta del parlamento, Tania D\u00edaz, cuestionaron a la oposici\u00f3n que solo tiene planes violentos <\/p>\n<\/p>\n<p>D\u00edaz explic\u00f3 a Prensa Latina que las fuerzas del GPP creen en la voluntad del pueblo venezolano, en el sistema electoral y lo que nos dicen nuestros ojos, \u00abno hay encuesta que pueda tapar esto\u00bb, asever\u00f3.<\/p>\n<\/p>\n<p>Mientras desde el estado de Barinas, su gobernador, Ad\u00e1n Ch\u00e1vez, resalt\u00f3 la calidad de los candidatos patriotas que aspiran a un curul legislativo, para sancionar pol\u00edticas p\u00fablicas en beneficio de las mayor\u00edas.<\/p>\n<\/p>\n<p>En la jornada, iniciada desde las 08:00 y hasta las 18:00 hora local , tambi\u00e9n los participantes suscriben un documento emitido por el Consejo nacional Electoral que compromete a respetar el principal rector y de los resultados en esos esos comicios.<\/p>\n<\/p>\n<p>A su turno, la candidata, Blanca Eekhout, expres\u00f3 que este domingo es visible la disciplina del pueblo venezolano, la responsabilidad por defender la Patria y la paz.<\/p>\n<\/p>\n<p>De otra parte, en Twitter se ha posicionado en primer lugar la etiqueta #EnsayoParaLaVictoria en apoyo a la movilizaci\u00f3n que realizan las fuerzas revolucionarias en este ensayo.<\/p>\n<\/p>\n<p>Los usuarios de la red social difunden fotograf\u00edas en las que se muestra la participaci\u00f3n de la militancia en el simulacro, en el que prev\u00e9n la participaci\u00f3n de un mill\u00f3n 400 mil personas acompa\u00f1ando a los candidatos del GPP.<\/p>\n<\/p>\n<p>En las pr\u00f3ximas elecciones legislativas del 6 de diciembre se renovar\u00e1n los 167 esca\u00f1os en el Parlamento, de ellos tres por la representaci\u00f3n ind\u00edgena.<\/p>\n<h6> 2015-11-08 15:22:09 <\/h6>\n<p><!--\n<link rel=\"stylesheet\" href=\"css\/bootstrap.min.css\">\n\n\n<ul class=\"pagination\">\n\t    \n\t\n\n<li >\n\t<a href='?page_no=22183'>Previous<\/a>\n\t<\/li>\n\n\n       \n    \n\n<li><a href='?page_no=1'>1<\/a><\/li>\n\n\n\n<li><a href='?page_no=2'>2<\/a><\/li>\n\n\n\n<li><a>...<\/a><\/li>\n\n\n\n<li><a href='?page_no=22182'>22182<\/a><\/li>\n\n\n\n<li><a href='?page_no=22183'>22183<\/a><\/li>\n\n\n\n<li class='active'><a>22184<\/a><\/li>\n\n\n\n<li><a href='?page_no=22185'>22185<\/a><\/li>\n\n\n\n<li><a href='?page_no=22186'>22186<\/a><\/li>\n\n\n\n<li><a>...<\/a><\/li>\n\n\n\n<li><a href='?page_no=51012'>51012<\/a><\/li>\n\n\n\n<li><a href='?page_no=51013'>51013<\/a><\/li>\n\n    \n\t\n\n<li >\n\t<a href='?page_no=22185'>Next<\/a>\n\t<\/li>\n\n\n    \n\n<li><a href='?page_no=51013'>Last &rsaquo;&rsaquo;<\/a><\/li>\n\n<\/ul>\n\n\n--><br \/>\n<\/body><\/p>\n","protected":false},"excerpt":{"rendered":"<p>Caracas, Venezuela 8 noviembre (PL) .- El presidente de Venezuela, Nicol\u00e1s Maduro, llam\u00f3 hoy a toda la poblaci\u00f3n a sumarse a un ejercicio de movilizaci\u00f3n del Gran Polo Patri\u00f3tico (GPP) de cara a elecciones parlamentarias el 6 de diciembre. En su cuenta en la red social Twitter, el mandatario asever\u00f3 que la jornada de este [&hellip;]<\/p>\n","protected":false},"author":3,"featured_media":0,"comment_status":"open","ping_status":"open","sticky":false,"template":"","format":"standard","meta":{"footnotes":""},"categories":[23],"tags":[],"class_list":["post-252539","post","type-post","status-publish","format-standard","hentry","category-internacional"],"_links":{"self":[{"href":"https:\/\/diariodominicano.com\/index.php?rest_route=\/wp\/v2\/posts\/252539","targetHints":{"allow":["GET"]}}],"collection":[{"href":"https:\/\/diariodominicano.com\/index.php?rest_route=\/wp\/v2\/posts"}],"about":[{"href":"https:\/\/diariodominicano.com\/index.php?rest_route=\/wp\/v2\/types\/post"}],"author":[{"embeddable":true,"href":"https:\/\/diariodominicano.com\/index.php?rest_route=\/wp\/v2\/users\/3"}],"replies":[{"embeddable":true,"href":"https:\/\/diariodominicano.com\/index.php?rest_route=%2Fwp%2Fv2%2Fcomments&post=252539"}],"version-history":[{"count":0,"href":"https:\/\/diariodominicano.com\/index.php?rest_route=\/wp\/v2\/posts\/252539\/revisions"}],"wp:attachment":[{"href":"https:\/\/diariodominicano.com\/index.php?rest_route=%2Fwp%2Fv2%2Fmedia&parent=252539"}],"wp:term":[{"taxonomy":"category","embeddable":true,"href":"https:\/\/diariodominicano.com\/index.php?rest_route=%2Fwp%2Fv2%2Fcategories&post=252539"},{"taxonomy":"post_tag","embeddable":true,"href":"https:\/\/diariodominicano.com\/index.php?rest_route=%2Fwp%2Fv2%2Ftags&post=252539"}],"curies":[{"name":"wp","href":"https:\/\/api.w.org\/{rel}","templated":true}]}}