{"id":252537,"date":"2015-11-08T16:44:49","date_gmt":"2015-11-08T16:44:49","guid":{"rendered":"http:\/\/diariodominicano.ddns.net\/?p=252537"},"modified":"2015-11-08T16:44:49","modified_gmt":"2015-11-08T16:44:49","slug":"guerrilla-colombiana-propone-tregua-antes-de-cese-al-fuego","status":"publish","type":"post","link":"https:\/\/diariodominicano.com\/?p=252537","title":{"rendered":"Guerrilla colombiana propone tregua antes de cese al fuego"},"content":{"rendered":"<p><body><\/p>\n<p><span class=\"text1noticias\">     LA HABANA, 8 nov (Xinhua) &#8212; Las insurgentes Fuerzas Armadas Revolucionarias de Colombia (FARC) propusieron en La Habana al gobierno de Juan Manuel Santos la adopci\u00f3n de una tregua bilateral previa que anteceder\u00eda a un eventual cese al fuego definitivo.<\/span><\/p>\n<\/p>\n<p><span class=\"text1noticias\">     \u00abProponemos al gobierno y al pa\u00eds entrar ya, sin condiciones que s\u00f3lo suscitan desconfianza, en una tregua bilateral previa, como paso gradual al cese de fuegos bilateral y definitivo que ya estamos mirando\u00bb, dijo Iv\u00e1n M\u00e1rquez, jefe del equipo guerrillero que en Cuba negocia la paz con el gobierno colombiano.<\/span><\/p>\n<\/p>\n<p><span class=\"text1noticias\">     Al leer un comunicado, M\u00e1rquez agreg\u00f3 que \u00absin mezquindades ni c\u00e1lculos pol\u00edticos, ya deber\u00edamos estar en el cese  bilateral de fuegos\u00bb.<\/span><\/p>\n<\/p>\n<p><span class=\"text1noticias\">     Aunque no ofreci\u00f3 detalles sobre esa tregua, el jefe negociador se\u00f1al\u00f3 que \u00abel objetivo, por ahora, es salvar la tregua unilateral decretada por la FARC desde el pasado 20 de julio, gesto humanitario  asediado por los operativos militares en todo el territorio\u00bb.<\/span><\/p>\n<\/p>\n<p><span class=\"text1noticias\">     Adem\u00e1s \u00abgenerar el mejor ambiente para continuar unas conversaciones que anhelamos nos conduzcan a la firma del acuerdo final\u00bb.<\/span><\/p>\n<\/p>\n<p><span class=\"text1noticias\">     M\u00e1rquez present\u00f3 la propuesta luego de un intercambio con miembros del Frente Amplio para la Paz, integrado por personalidades y organizaciones sociales colombianas y veedor de la tregua unilateral de la insurgencia.<\/span><\/p>\n<\/p>\n<p><span class=\"text1noticias\">     El presidente Santos y el m\u00e1ximo jefe de las FARC, Timole\u00f3n Jim\u00e9nez, acordaron en septiembre \u00faltimo en La Habana sellar la paz en un plazo m\u00e1ximo de seis meses, y el mandatario colombiano propuso el pasado d\u00eda 28 un cese al fuego bilateral a partir del 1 de enero de 2016.<\/span><\/p>\n<\/p>\n<p><span class=\"text1noticias\">     El gobierno de Santos y las FARC, que discuten ahora el complejo punto sobre v\u00edctimas, tras lograr consenso los de reforma rural, participaci\u00f3n pol\u00edtica y drogas il\u00edcitas, adoptaron el mes pasado un hist\u00f3rico  acuerdo para la b\u00fasqueda de desaparecidos durante el conflicto armado en  Colombia.<\/span><\/p>\n<\/p>\n<p><span class=\"text1noticias\">     La Habana es sede, desde noviembre de 2012, de un di\u00e1logo que ya logr\u00f3 consenso en otros puntos de la agenda, como la reforma rural (mayo 2013), la participaci\u00f3n pol\u00edtica (noviembre de 2013) y las drogas il\u00edcitas (mayo 2014), adem\u00e1s de crear una Comisi\u00f3n de la Verdad y  poner en marcha un proceso de desminado.<\/span><\/p>\n<\/p>\n<p><span class=\"text1noticias\">     Los puntos pendientes son el de desarme, para el cual trabaja una  comisi\u00f3n conjunta de car\u00e1cter t\u00e9cnico, y el mecanismo para refrendar un eventual acuerdo de paz. <\/span><\/p>\n<h6> 2015-11-08 16:44:49 <\/h6>\n<p><!--\n<link rel=\"stylesheet\" href=\"css\/bootstrap.min.css\">\n\n\n<ul class=\"pagination\">\n\t    \n\t\n\n<li >\n\t<a href='?page_no=22181'>Previous<\/a>\n\t<\/li>\n\n\n       \n    \n\n<li><a href='?page_no=1'>1<\/a><\/li>\n\n\n\n<li><a href='?page_no=2'>2<\/a><\/li>\n\n\n\n<li><a>...<\/a><\/li>\n\n\n\n<li><a href='?page_no=22180'>22180<\/a><\/li>\n\n\n\n<li><a href='?page_no=22181'>22181<\/a><\/li>\n\n\n\n<li class='active'><a>22182<\/a><\/li>\n\n\n\n<li><a href='?page_no=22183'>22183<\/a><\/li>\n\n\n\n<li><a href='?page_no=22184'>22184<\/a><\/li>\n\n\n\n<li><a>...<\/a><\/li>\n\n\n\n<li><a href='?page_no=51012'>51012<\/a><\/li>\n\n\n\n<li><a href='?page_no=51013'>51013<\/a><\/li>\n\n    \n\t\n\n<li >\n\t<a href='?page_no=22183'>Next<\/a>\n\t<\/li>\n\n\n    \n\n<li><a href='?page_no=51013'>Last &rsaquo;&rsaquo;<\/a><\/li>\n\n<\/ul>\n\n\n--><br \/>\n<\/body><\/p>\n","protected":false},"excerpt":{"rendered":"<p>LA HABANA, 8 nov (Xinhua) &#8212; Las insurgentes Fuerzas Armadas Revolucionarias de Colombia (FARC) propusieron en La Habana al gobierno de Juan Manuel Santos la adopci\u00f3n de una tregua bilateral previa que anteceder\u00eda a un eventual cese al fuego definitivo. \u00abProponemos al gobierno y al pa\u00eds entrar ya, sin condiciones que s\u00f3lo suscitan desconfianza, en [&hellip;]<\/p>\n","protected":false},"author":3,"featured_media":0,"comment_status":"open","ping_status":"open","sticky":false,"template":"","format":"standard","meta":{"footnotes":""},"categories":[23],"tags":[],"class_list":["post-252537","post","type-post","status-publish","format-standard","hentry","category-internacional"],"_links":{"self":[{"href":"https:\/\/diariodominicano.com\/index.php?rest_route=\/wp\/v2\/posts\/252537","targetHints":{"allow":["GET"]}}],"collection":[{"href":"https:\/\/diariodominicano.com\/index.php?rest_route=\/wp\/v2\/posts"}],"about":[{"href":"https:\/\/diariodominicano.com\/index.php?rest_route=\/wp\/v2\/types\/post"}],"author":[{"embeddable":true,"href":"https:\/\/diariodominicano.com\/index.php?rest_route=\/wp\/v2\/users\/3"}],"replies":[{"embeddable":true,"href":"https:\/\/diariodominicano.com\/index.php?rest_route=%2Fwp%2Fv2%2Fcomments&post=252537"}],"version-history":[{"count":0,"href":"https:\/\/diariodominicano.com\/index.php?rest_route=\/wp\/v2\/posts\/252537\/revisions"}],"wp:attachment":[{"href":"https:\/\/diariodominicano.com\/index.php?rest_route=%2Fwp%2Fv2%2Fmedia&parent=252537"}],"wp:term":[{"taxonomy":"category","embeddable":true,"href":"https:\/\/diariodominicano.com\/index.php?rest_route=%2Fwp%2Fv2%2Fcategories&post=252537"},{"taxonomy":"post_tag","embeddable":true,"href":"https:\/\/diariodominicano.com\/index.php?rest_route=%2Fwp%2Fv2%2Ftags&post=252537"}],"curies":[{"name":"wp","href":"https:\/\/api.w.org\/{rel}","templated":true}]}}