{"id":252534,"date":"2015-11-08T21:23:49","date_gmt":"2015-11-08T21:23:49","guid":{"rendered":"http:\/\/diariodominicano.ddns.net\/?p=252534"},"modified":"2015-11-08T21:23:49","modified_gmt":"2015-11-08T21:23:49","slug":"capturan-jefe-principal-de-banda-criminal-en-centro-este-de-colombia","status":"publish","type":"post","link":"https:\/\/diariodominicano.com\/?p=252534","title":{"rendered":"Capturan jefe principal de banda criminal en centro-este de Colombia"},"content":{"rendered":"<p><body><\/p>\n<p><img decoding=\"async\" src=\"img3\/captrua.jpg\" \/>  <\/p>\n<p><span class=\"text1noticias\">BOGOTA, 9 nov (Xinhua) &#8212; Las autoridades colombianas capturaron a Dar\u00edo Le\u00f3n, alias \u00abJonathan\u00bb, acusado de ser el jefe de la estructura del crimen organizado Bloque Meta, que pretend\u00eda \u00abvender\u00bb esa organizaci\u00f3n al Clan Usuga, principal banda criminal que opera en el pa\u00eds sudamericano.<\/span><\/p>\n<p><span class=\"text1noticias\"> <\/span><\/p>\n<p><span class=\"text1noticias\">Le\u00f3n fue capturado junto con uno de sus subalternos conocido con el alias \u00abCone\u00bb y una persona acusada de ser una supuesta colaboradora. La detenci\u00f3n se realiz\u00f3 en una zona rural del municipio de San Mart\u00edn, en el departamento de Meta.<\/span><\/p>\n<p><span class=\"text1noticias\"> <\/span><\/p>\n<p><span class=\"text1noticias\">\u00abEste resultado se logr\u00f3 a partir de actividades de investigaci\u00f3n criminal que permitieron la ubicaci\u00f3n e identificaci\u00f3n de este cabecilla y de los principales articuladores de la banda. Estos capturados son los responsables del control de las zonas para el cultivo, producci\u00f3n y rutas de tr\u00e1fico de coca\u00edna, as\u00ed como desplazamiento forzado, extorsi\u00f3n y homicidios selectivos en los departamentos de Guaviare, Meta y Vichada\u00bb, indic\u00f3 un informe policial.<\/span><\/p>\n<p><span class=\"text1noticias\"> <\/span><\/p>\n<p><span class=\"text1noticias\">Seg\u00fan las autoridades, la persona capturada \u00abestaba vendiendo su estructura criminal al Clan Narcotraficante Usuga, que planea expandirse a los Llanos Orientales\u00bb, en el este de Colombi<\/span>a. <\/p>\n<h6> 2015-11-08 21:23:49 <\/h6>\n<p><!--\n<link rel=\"stylesheet\" href=\"css\/bootstrap.min.css\">\n\n\n<ul class=\"pagination\">\n\t    \n\t\n\n<li >\n\t<a href='?page_no=22178'>Previous<\/a>\n\t<\/li>\n\n\n       \n    \n\n<li><a href='?page_no=1'>1<\/a><\/li>\n\n\n\n<li><a href='?page_no=2'>2<\/a><\/li>\n\n\n\n<li><a>...<\/a><\/li>\n\n\n\n<li><a href='?page_no=22177'>22177<\/a><\/li>\n\n\n\n<li><a href='?page_no=22178'>22178<\/a><\/li>\n\n\n\n<li class='active'><a>22179<\/a><\/li>\n\n\n\n<li><a href='?page_no=22180'>22180<\/a><\/li>\n\n\n\n<li><a href='?page_no=22181'>22181<\/a><\/li>\n\n\n\n<li><a>...<\/a><\/li>\n\n\n\n<li><a href='?page_no=51012'>51012<\/a><\/li>\n\n\n\n<li><a href='?page_no=51013'>51013<\/a><\/li>\n\n    \n\t\n\n<li >\n\t<a href='?page_no=22180'>Next<\/a>\n\t<\/li>\n\n\n    \n\n<li><a href='?page_no=51013'>Last &rsaquo;&rsaquo;<\/a><\/li>\n\n<\/ul>\n\n\n--><br \/>\n<\/body><\/p>\n","protected":false},"excerpt":{"rendered":"<p>BOGOTA, 9 nov (Xinhua) &#8212; Las autoridades colombianas capturaron a Dar\u00edo Le\u00f3n, alias \u00abJonathan\u00bb, acusado de ser el jefe de la estructura del crimen organizado Bloque Meta, que pretend\u00eda \u00abvender\u00bb esa organizaci\u00f3n al Clan Usuga, principal banda criminal que opera en el pa\u00eds sudamericano. Le\u00f3n fue capturado junto con uno de sus subalternos conocido con [&hellip;]<\/p>\n","protected":false},"author":3,"featured_media":0,"comment_status":"open","ping_status":"open","sticky":false,"template":"","format":"standard","meta":{"footnotes":""},"categories":[23],"tags":[],"class_list":["post-252534","post","type-post","status-publish","format-standard","hentry","category-internacional"],"_links":{"self":[{"href":"https:\/\/diariodominicano.com\/index.php?rest_route=\/wp\/v2\/posts\/252534","targetHints":{"allow":["GET"]}}],"collection":[{"href":"https:\/\/diariodominicano.com\/index.php?rest_route=\/wp\/v2\/posts"}],"about":[{"href":"https:\/\/diariodominicano.com\/index.php?rest_route=\/wp\/v2\/types\/post"}],"author":[{"embeddable":true,"href":"https:\/\/diariodominicano.com\/index.php?rest_route=\/wp\/v2\/users\/3"}],"replies":[{"embeddable":true,"href":"https:\/\/diariodominicano.com\/index.php?rest_route=%2Fwp%2Fv2%2Fcomments&post=252534"}],"version-history":[{"count":0,"href":"https:\/\/diariodominicano.com\/index.php?rest_route=\/wp\/v2\/posts\/252534\/revisions"}],"wp:attachment":[{"href":"https:\/\/diariodominicano.com\/index.php?rest_route=%2Fwp%2Fv2%2Fmedia&parent=252534"}],"wp:term":[{"taxonomy":"category","embeddable":true,"href":"https:\/\/diariodominicano.com\/index.php?rest_route=%2Fwp%2Fv2%2Fcategories&post=252534"},{"taxonomy":"post_tag","embeddable":true,"href":"https:\/\/diariodominicano.com\/index.php?rest_route=%2Fwp%2Fv2%2Ftags&post=252534"}],"curies":[{"name":"wp","href":"https:\/\/api.w.org\/{rel}","templated":true}]}}