{"id":252533,"date":"2015-11-08T21:34:30","date_gmt":"2015-11-08T21:34:30","guid":{"rendered":"http:\/\/diariodominicano.ddns.net\/?p=252533"},"modified":"2015-11-08T21:34:30","modified_gmt":"2015-11-08T21:34:30","slug":"suben-a-4-los-muertos-por-alud-de-lodo-de-residuos-mineros-en-brasil","status":"publish","type":"post","link":"https:\/\/diariodominicano.com\/?p=252533","title":{"rendered":"Suben a 4 los muertos por alud de lodo de residuos mineros en Brasil"},"content":{"rendered":"<p><body><\/p>\n<p><img decoding=\"async\" src=\"img3\/Brasilet.jpg\" \/>  <\/p>\n<p><span class=\"text1noticias\">BRASILIA, 9 nov (Xinhua) &#8212; El n\u00famero de muertos por el rompimiento de dos barreras de dep\u00f3sitos mineros en Brasil subi\u00f3 hoy a cuatro tras encontrar los equipos de rescate otros dos cad\u00e1veres, mientras que la cifra de desaparecidos baj\u00f3 a 26.<\/span><\/p>\n<p><span class=\"text1noticias\"> <\/span><\/p>\n<p><span class=\"text1noticias\">Seg\u00fan los Bomberos, los dos cad\u00e1veres fueron encontrados a varios kil\u00f3metros del dep\u00f3sito, que se rompi\u00f3 el jueves en el municipio de Mariana (estado de Minas Gerais, sureste del pa\u00eds) por causas todav\u00eda desconocidas.    <\/span><\/p>\n<p><span class=\"text1noticias\"> <\/span><\/p>\n<p><span class=\"text1noticias\">El gobernador regional, Fernando Pimentel, asegur\u00f3 hoy en rueda de prensa que \u00aba medida de que el tiempo va pasando\u00bb, la posibilidad de encontrar supervivientes \u00abva disminuyendo\u00bb.<\/span><\/p>\n<p><span class=\"text1noticias\"> <\/span><\/p>\n<p><span class=\"text1noticias\">Un total de 26 personas contin\u00faan desaparecidas desde que ocurri\u00f3 el desastre. El accidente provoc\u00f3 tambi\u00e9n 16 heridos, de los que s\u00f3lo dos mujeres permanecen hospitalizadas con pron\u00f3stico estable, seg\u00fan informaron los bomberos.<\/span><\/p>\n<p><span class=\"text1noticias\"> <\/span><\/p>\n<p><span class=\"text1noticias\">El rompimiento de las dos barreras provoc\u00f3 que 62 millones de metros c\u00fabicos de residuos mineros de la compa\u00f1\u00eda Samarco arrasaran todo lo que encontraron en su paso, llegando hasta 100 kil\u00f3metros de distancia.<\/span><\/p>\n<p><span class=\"text1noticias\"> <\/span><\/p>\n<p><span class=\"text1noticias\">El lodo arras\u00f3 el barrio de Bento Rodrigues, pr\u00f3ximo al dep\u00f3sito y a 35 kil\u00f3metros del centro de Mariana, y dej\u00f3 sin casa a casi 600 personas.<\/span><\/p>\n<p><span class=\"text1noticias\"> <\/span><\/p>\n<p><span class=\"text1noticias\">La alud de lodo y barro tambi\u00e9n arras\u00f3 a su paso tierras de cultivos y pastos y alcanz\u00f3, con su contenido de metales pesados, el cauce del r\u00edo Doce, uno de los mayores del sureste de Brasil y cuyo caudal se ha elevado m\u00e1s de un <\/span>metro.<\/p>\n<h6> 2015-11-08 21:34:30 <\/h6>\n<p><!--\n<link rel=\"stylesheet\" href=\"css\/bootstrap.min.css\">\n\n\n<ul class=\"pagination\">\n\t    \n\t\n\n<li >\n\t<a href='?page_no=22177'>Previous<\/a>\n\t<\/li>\n\n\n       \n    \n\n<li><a href='?page_no=1'>1<\/a><\/li>\n\n\n\n<li><a href='?page_no=2'>2<\/a><\/li>\n\n\n\n<li><a>...<\/a><\/li>\n\n\n\n<li><a href='?page_no=22176'>22176<\/a><\/li>\n\n\n\n<li><a href='?page_no=22177'>22177<\/a><\/li>\n\n\n\n<li class='active'><a>22178<\/a><\/li>\n\n\n\n<li><a href='?page_no=22179'>22179<\/a><\/li>\n\n\n\n<li><a href='?page_no=22180'>22180<\/a><\/li>\n\n\n\n<li><a>...<\/a><\/li>\n\n\n\n<li><a href='?page_no=51012'>51012<\/a><\/li>\n\n\n\n<li><a href='?page_no=51013'>51013<\/a><\/li>\n\n    \n\t\n\n<li >\n\t<a href='?page_no=22179'>Next<\/a>\n\t<\/li>\n\n\n    \n\n<li><a href='?page_no=51013'>Last &rsaquo;&rsaquo;<\/a><\/li>\n\n<\/ul>\n\n\n--><br \/>\n<\/body><\/p>\n","protected":false},"excerpt":{"rendered":"<p>BRASILIA, 9 nov (Xinhua) &#8212; El n\u00famero de muertos por el rompimiento de dos barreras de dep\u00f3sitos mineros en Brasil subi\u00f3 hoy a cuatro tras encontrar los equipos de rescate otros dos cad\u00e1veres, mientras que la cifra de desaparecidos baj\u00f3 a 26. Seg\u00fan los Bomberos, los dos cad\u00e1veres fueron encontrados a varios kil\u00f3metros del dep\u00f3sito, [&hellip;]<\/p>\n","protected":false},"author":3,"featured_media":0,"comment_status":"open","ping_status":"open","sticky":false,"template":"","format":"standard","meta":{"footnotes":""},"categories":[23],"tags":[],"class_list":["post-252533","post","type-post","status-publish","format-standard","hentry","category-internacional"],"_links":{"self":[{"href":"https:\/\/diariodominicano.com\/index.php?rest_route=\/wp\/v2\/posts\/252533","targetHints":{"allow":["GET"]}}],"collection":[{"href":"https:\/\/diariodominicano.com\/index.php?rest_route=\/wp\/v2\/posts"}],"about":[{"href":"https:\/\/diariodominicano.com\/index.php?rest_route=\/wp\/v2\/types\/post"}],"author":[{"embeddable":true,"href":"https:\/\/diariodominicano.com\/index.php?rest_route=\/wp\/v2\/users\/3"}],"replies":[{"embeddable":true,"href":"https:\/\/diariodominicano.com\/index.php?rest_route=%2Fwp%2Fv2%2Fcomments&post=252533"}],"version-history":[{"count":0,"href":"https:\/\/diariodominicano.com\/index.php?rest_route=\/wp\/v2\/posts\/252533\/revisions"}],"wp:attachment":[{"href":"https:\/\/diariodominicano.com\/index.php?rest_route=%2Fwp%2Fv2%2Fmedia&parent=252533"}],"wp:term":[{"taxonomy":"category","embeddable":true,"href":"https:\/\/diariodominicano.com\/index.php?rest_route=%2Fwp%2Fv2%2Fcategories&post=252533"},{"taxonomy":"post_tag","embeddable":true,"href":"https:\/\/diariodominicano.com\/index.php?rest_route=%2Fwp%2Fv2%2Ftags&post=252533"}],"curies":[{"name":"wp","href":"https:\/\/api.w.org\/{rel}","templated":true}]}}