{"id":252532,"date":"2015-11-09T12:55:59","date_gmt":"2015-11-09T12:55:59","guid":{"rendered":"http:\/\/diariodominicano.ddns.net\/?p=252532"},"modified":"2015-11-09T12:55:59","modified_gmt":"2015-11-09T12:55:59","slug":"cuba-y-estados-unidos-discuten-sobre-cooperacion-en-seguridad","status":"publish","type":"post","link":"https:\/\/diariodominicano.com\/?p=252532","title":{"rendered":"Cuba y Estados Unidos discuten sobre cooperaci\u00f3n en seguridad"},"content":{"rendered":"<p><body><\/p>\n<p><img decoding=\"async\" src=\"img3\/mayorkas.jpg\" \/>  <\/p>\n<p><span class=\"text1noticias\">Washington, 9 nov (PL) Cuba y Estados Unidos realizan aqu\u00ed su primera reuni\u00f3n sobre aplicaci\u00f3n y cumplimiento de la ley entre agencias gubernamentales. <\/span><\/p>\n<\/p>\n<p><span class=\"text1noticias\">Las conversaciones tienen como objetivo incrementar la cooperaci\u00f3n bilateral en materia de seguridad, seg\u00fan inform\u00f3 la Canciller\u00eda de la isla.<\/span><\/p>\n<\/p>\n<p><span class=\"text1noticias\">El di\u00e1logo se enmarca en el acercamiento que los dos pa\u00edses activaron a finales del a\u00f1o pasado, el cual permiti\u00f3 restablecer en julio las relaciones diplom\u00e1ticas e impulsar pl\u00e1ticas en asuntos de inter\u00e9s com\u00fan, pasos encaminados hacia la normalizaci\u00f3n de los v\u00ednculos.<\/span><\/p>\n<\/p>\n<p><span class=\"text1noticias\">En la \u00faltima semana de octubre, visit\u00f3 Cuba el subsecretario del Departamento de Seguridad Interna de Estados Unidos, Alejandro Mayorkas.<\/span><\/p>\n<\/p>\n<p><span class=\"text1noticias\">De acuerdo con la parte norteamericana, la agenda del funcionario fue cumplida en un ambiente positivo, centrada en ampliar la cooperaci\u00f3n sobre aplicaci\u00f3n de la ley, adem\u00e1s de explorar con autoridades de la naci\u00f3n caribe\u00f1a nuevas v\u00edas de colaboraci\u00f3n en el sector.<\/span><\/p>\n<\/p>\n<p><span class=\"text1noticias\">Cuba se\u00f1al\u00f3 que Mayorkas sostuvo conversaciones oficiales con el ministro del Interior, Carlos Fern\u00e1ndez Gond\u00edn, en un clima constructivo y respetuoso.<\/span><\/p>\n<\/p>\n<p><span class=\"text1noticias\">Asimismo, inform\u00f3 el encuentro del subsecretario estadounidense de Seguridad con el viceministro primero de Relaciones Exteriores, Marcelino Medina, en el que abordaron el estado de los nexos bilaterales y las posibilidades de ampliarlos.<\/span><\/p>\n<\/p>\n<p><span class=\"text1noticias\">Ma\u00f1ana, La Habana y Washington celebrar\u00e1n, tambi\u00e9n aqu\u00ed, la segunda reuni\u00f3n de la Comisi\u00f3n Bilateral creada tras el restablecimiento de las relaciones diplom\u00e1ticas.<\/span><\/p>\n<\/p>\n<p><span class=\"text1noticias\">El evento permitir\u00e1 revisar los acuerdos del primer encuentro, realizado el 11 de septiembre en la capital cubana.<\/span><\/p>\n<\/p>\n<p><span class=\"text1noticias\">La isla espera tratar la cuesti\u00f3n del levantamiento del bloqueo econ\u00f3mico, comercial y financiero impuesto por Estados Unidos durante m\u00e1s de medio siglo, cerco que persiste pese a la reanudaci\u00f3n de v\u00ednculos, y es considerado un fuerte obst\u00e1culo en el camino hacia la normalizaci\u00f3n.<\/span><\/p>\n<\/p>\n<p><span class=\"text1noticias\">Por los visitantes encabezar\u00e1 la delegaci\u00f3n a las pl\u00e1ticas de ma\u00f1ana la directora general de Estados Unidos de la Canciller\u00eda, Josefina Vidal, mientras por la parte anfitriona lo har\u00e1 el subsecretario adjunto para los Asuntos del Hemisferio Occidental del Departamento de Estado, Edward Alex Lee<\/span>.<\/p>\n<h6> 2015-11-09 12:55:59 <\/h6>\n<p><!--\n<link rel=\"stylesheet\" href=\"css\/bootstrap.min.css\">\n\n\n<ul class=\"pagination\">\n\t    \n\t\n\n<li >\n\t<a href='?page_no=22176'>Previous<\/a>\n\t<\/li>\n\n\n       \n    \n\n<li><a href='?page_no=1'>1<\/a><\/li>\n\n\n\n<li><a href='?page_no=2'>2<\/a><\/li>\n\n\n\n<li><a>...<\/a><\/li>\n\n\n\n<li><a href='?page_no=22175'>22175<\/a><\/li>\n\n\n\n<li><a href='?page_no=22176'>22176<\/a><\/li>\n\n\n\n<li class='active'><a>22177<\/a><\/li>\n\n\n\n<li><a href='?page_no=22178'>22178<\/a><\/li>\n\n\n\n<li><a href='?page_no=22179'>22179<\/a><\/li>\n\n\n\n<li><a>...<\/a><\/li>\n\n\n\n<li><a href='?page_no=51012'>51012<\/a><\/li>\n\n\n\n<li><a href='?page_no=51013'>51013<\/a><\/li>\n\n    \n\t\n\n<li >\n\t<a href='?page_no=22178'>Next<\/a>\n\t<\/li>\n\n\n    \n\n<li><a href='?page_no=51013'>Last &rsaquo;&rsaquo;<\/a><\/li>\n\n<\/ul>\n\n\n--><br \/>\n<\/body><\/p>\n","protected":false},"excerpt":{"rendered":"<p>Washington, 9 nov (PL) Cuba y Estados Unidos realizan aqu\u00ed su primera reuni\u00f3n sobre aplicaci\u00f3n y cumplimiento de la ley entre agencias gubernamentales. Las conversaciones tienen como objetivo incrementar la cooperaci\u00f3n bilateral en materia de seguridad, seg\u00fan inform\u00f3 la Canciller\u00eda de la isla. El di\u00e1logo se enmarca en el acercamiento que los dos pa\u00edses activaron [&hellip;]<\/p>\n","protected":false},"author":3,"featured_media":0,"comment_status":"open","ping_status":"open","sticky":false,"template":"","format":"standard","meta":{"footnotes":""},"categories":[23],"tags":[],"class_list":["post-252532","post","type-post","status-publish","format-standard","hentry","category-internacional"],"_links":{"self":[{"href":"https:\/\/diariodominicano.com\/index.php?rest_route=\/wp\/v2\/posts\/252532","targetHints":{"allow":["GET"]}}],"collection":[{"href":"https:\/\/diariodominicano.com\/index.php?rest_route=\/wp\/v2\/posts"}],"about":[{"href":"https:\/\/diariodominicano.com\/index.php?rest_route=\/wp\/v2\/types\/post"}],"author":[{"embeddable":true,"href":"https:\/\/diariodominicano.com\/index.php?rest_route=\/wp\/v2\/users\/3"}],"replies":[{"embeddable":true,"href":"https:\/\/diariodominicano.com\/index.php?rest_route=%2Fwp%2Fv2%2Fcomments&post=252532"}],"version-history":[{"count":0,"href":"https:\/\/diariodominicano.com\/index.php?rest_route=\/wp\/v2\/posts\/252532\/revisions"}],"wp:attachment":[{"href":"https:\/\/diariodominicano.com\/index.php?rest_route=%2Fwp%2Fv2%2Fmedia&parent=252532"}],"wp:term":[{"taxonomy":"category","embeddable":true,"href":"https:\/\/diariodominicano.com\/index.php?rest_route=%2Fwp%2Fv2%2Fcategories&post=252532"},{"taxonomy":"post_tag","embeddable":true,"href":"https:\/\/diariodominicano.com\/index.php?rest_route=%2Fwp%2Fv2%2Ftags&post=252532"}],"curies":[{"name":"wp","href":"https:\/\/api.w.org\/{rel}","templated":true}]}}