{"id":252530,"date":"2015-11-09T20:16:35","date_gmt":"2015-11-09T20:16:35","guid":{"rendered":"http:\/\/diariodominicano.ddns.net\/?p=252530"},"modified":"2015-11-09T20:16:35","modified_gmt":"2015-11-09T20:16:35","slug":"un-muerto-y-dos-heridos-a-metros-del-madison-square-garden","status":"publish","type":"post","link":"https:\/\/diariodominicano.com\/?p=252530","title":{"rendered":"Un muerto y dos heridos a metros del Madison Square Garden"},"content":{"rendered":"<p><body><\/p>\n<p><img decoding=\"async\" src=\"img3\/nueva york.jpg\" \/>  <\/p>\n<p>MANHATTAN, Nueva York, 9 de noviembre (AP).- Una persona fue muerta y otras dos resultaron heridas a causa de un tiroteo que se desat\u00f3 en el centro de la ciudad, seg\u00fan informaron agentes de la Polic\u00eda de Nueva York. A\u00fan no se conocen en detalle las causas del incidente, que tuvo lugar a metros de uno de los grandes atractivos tur\u00edsticos que tiene Manhattan.<\/p>\n<\/p>\n<p>La balacera ocurri\u00f3 alrededor de las 6 a.m. en la esquina de la calle 35 y la Octava Avenida, a una cuadra al norte de Penn Station, una de las terminales de tren con m\u00e1s actividad del pa\u00eds.<\/p>\n<\/p>\n<p>La polic\u00eda inform\u00f3 que las primeras investigaciones apuntan a que la balacera posiblemente comenz\u00f3 en la calle y sigui\u00f3 hasta la estaci\u00f3n del subterr\u00e1neo.<\/p>\n<\/p>\n<p>Uno de los heridos recibi\u00f3 un balazo en el est\u00f3mago y el otro en la pierna y se cree que sus lesiones no ponen en riesgo su vida, dijo la polic\u00eda.<\/p>\n<\/p>\n<p>Dos hombres que asisten a un programa rehabilitaci\u00f3n por metadona cerca de ah\u00ed, en el West Midtown Medical Group, dijeron conocer a dos v\u00edctimas, la que muri\u00f3 y una de las hospitalizadas, y que ambas han acudido durante a\u00f1os a la cl\u00ednica.<\/p>\n<\/p>\n<p>Ninguno de ellos atestigu\u00f3 la balacera.<\/p>\n<\/p>\n<p>\u00abEste tipo de cosas no suceden aqu\u00ed\u00bb, dijo Michael Gessow, de 39 a\u00f1os, quien vive en el distrito del Bronx y ha acudido a la cl\u00ednica de rehabilitaci\u00f3n por 10 a\u00f1os. \u00abNo nos gusta lo que sucedi\u00f3 all\u00e1. Ellos en realidad eran buenos muchachos. No puedo creerlo\u00bb.<\/p>\n<\/p>\n<p>La polic\u00eda no ha confirmado si las v\u00edctimas acud\u00edan a la cl\u00ednica de rehabilitaci\u00f3n. Tampoco ha dado a conocer sus nombres.<\/p>\n<h6> 2015-11-09 20:16:35 <\/h6>\n<p><!--\n<link rel=\"stylesheet\" href=\"css\/bootstrap.min.css\">\n\n\n<ul class=\"pagination\">\n\t    \n\t\n\n<li >\n\t<a href='?page_no=22174'>Previous<\/a>\n\t<\/li>\n\n\n       \n    \n\n<li><a href='?page_no=1'>1<\/a><\/li>\n\n\n\n<li><a href='?page_no=2'>2<\/a><\/li>\n\n\n\n<li><a>...<\/a><\/li>\n\n\n\n<li><a href='?page_no=22173'>22173<\/a><\/li>\n\n\n\n<li><a href='?page_no=22174'>22174<\/a><\/li>\n\n\n\n<li class='active'><a>22175<\/a><\/li>\n\n\n\n<li><a href='?page_no=22176'>22176<\/a><\/li>\n\n\n\n<li><a href='?page_no=22177'>22177<\/a><\/li>\n\n\n\n<li><a>...<\/a><\/li>\n\n\n\n<li><a href='?page_no=51012'>51012<\/a><\/li>\n\n\n\n<li><a href='?page_no=51013'>51013<\/a><\/li>\n\n    \n\t\n\n<li >\n\t<a href='?page_no=22176'>Next<\/a>\n\t<\/li>\n\n\n    \n\n<li><a href='?page_no=51013'>Last &rsaquo;&rsaquo;<\/a><\/li>\n\n<\/ul>\n\n\n--><br \/>\n<\/body><\/p>\n","protected":false},"excerpt":{"rendered":"<p>MANHATTAN, Nueva York, 9 de noviembre (AP).- Una persona fue muerta y otras dos resultaron heridas a causa de un tiroteo que se desat\u00f3 en el centro de la ciudad, seg\u00fan informaron agentes de la Polic\u00eda de Nueva York. A\u00fan no se conocen en detalle las causas del incidente, que tuvo lugar a metros de [&hellip;]<\/p>\n","protected":false},"author":3,"featured_media":0,"comment_status":"open","ping_status":"open","sticky":false,"template":"","format":"standard","meta":{"footnotes":""},"categories":[23],"tags":[],"class_list":["post-252530","post","type-post","status-publish","format-standard","hentry","category-internacional"],"_links":{"self":[{"href":"https:\/\/diariodominicano.com\/index.php?rest_route=\/wp\/v2\/posts\/252530","targetHints":{"allow":["GET"]}}],"collection":[{"href":"https:\/\/diariodominicano.com\/index.php?rest_route=\/wp\/v2\/posts"}],"about":[{"href":"https:\/\/diariodominicano.com\/index.php?rest_route=\/wp\/v2\/types\/post"}],"author":[{"embeddable":true,"href":"https:\/\/diariodominicano.com\/index.php?rest_route=\/wp\/v2\/users\/3"}],"replies":[{"embeddable":true,"href":"https:\/\/diariodominicano.com\/index.php?rest_route=%2Fwp%2Fv2%2Fcomments&post=252530"}],"version-history":[{"count":0,"href":"https:\/\/diariodominicano.com\/index.php?rest_route=\/wp\/v2\/posts\/252530\/revisions"}],"wp:attachment":[{"href":"https:\/\/diariodominicano.com\/index.php?rest_route=%2Fwp%2Fv2%2Fmedia&parent=252530"}],"wp:term":[{"taxonomy":"category","embeddable":true,"href":"https:\/\/diariodominicano.com\/index.php?rest_route=%2Fwp%2Fv2%2Fcategories&post=252530"},{"taxonomy":"post_tag","embeddable":true,"href":"https:\/\/diariodominicano.com\/index.php?rest_route=%2Fwp%2Fv2%2Ftags&post=252530"}],"curies":[{"name":"wp","href":"https:\/\/api.w.org\/{rel}","templated":true}]}}