{"id":252528,"date":"2015-11-09T22:01:50","date_gmt":"2015-11-09T22:01:50","guid":{"rendered":"http:\/\/diariodominicano.ddns.net\/?p=252528"},"modified":"2015-11-09T22:01:50","modified_gmt":"2015-11-09T22:01:50","slug":"embargan-actividades-de-minera-samarco-tras-desastre","status":"publish","type":"post","link":"https:\/\/diariodominicano.com\/?p=252528","title":{"rendered":"Embargan actividades de minera Samarco tras desastre"},"content":{"rendered":"<p><body><\/p>\n<p>RIO DE JANEIRO, 9 nov (Xinhua) &#8212; Las autoridades brasile\u00f1as embargaron las actividades de la minera Samarco en la regi\u00f3n donde el jueves se produjo un vertido de residuos que dej\u00f3 por el momento cuatro muertos y 25 desaparecidos.<\/p>\n<\/p>\n<p>El Gobierno de Minas Gerais, donde se produjo el desastre, afirm\u00f3 hoy que con la decisi\u00f3n, Samarco no podr\u00e1 extraer o procesar mineral de hierro en la mina de Germano, de donde sal\u00edan los resiudos que provocaron el vertido.<\/p>\n<\/p>\n<p>Los hechos sucedieron el pasado jueves cuando, por causas desconocidas, dos barreras de un gigantesco dep\u00f3sito de Samarco se rompieron en el municipio de Mariana, en el estado de Minas Gerais (sureste de Brasil) y a unos 125 kil\u00f3metros de Belo Horizonte, la capital regional.<\/p>\n<\/p>\n<p>Como consecuencia, una alud de 62 millones de metros c\u00fabicos de residuos mineros arrasaron el barrio pr\u00f3ximo de Bento Rodrigues, dejando un panorama totalmente desolador, con casas y mobiliario urbano completamente destrozado y dejando sin techo a unas 600 personas.<\/p>\n<\/p>\n<p>Samarco, controlada por la brasile\u00f1a Vale y la australiana BHP, dos de las mayores mineras del mundo, tan s\u00f3lo podr\u00e1 retomar las actividades una vez sean esclarecidas las causas del suceso y se hayan \u00abadoptado medidas de compensaci\u00f3n por los da\u00f1os provocados\u00bb, seg\u00fan la decisi\u00f3n de la Secretar\u00eda de Medio Ambiente.<\/p>\n<\/p>\n<p>Cuatro d\u00edas despu\u00e9s del accidente, las autoridades prosiguen con la b\u00fasqueda de desaparecidos, entre los que figuran 12 empleados de la minera Samarco y 13 habitantes de los distritos afectados por la tragedia.<\/p>\n<h6> 2015-11-09 22:01:50 <\/h6>\n<p><!--\n<link rel=\"stylesheet\" href=\"css\/bootstrap.min.css\">\n\n\n<ul class=\"pagination\">\n\t    \n\t\n\n<li >\n\t<a href='?page_no=22172'>Previous<\/a>\n\t<\/li>\n\n\n       \n    \n\n<li><a href='?page_no=1'>1<\/a><\/li>\n\n\n\n<li><a href='?page_no=2'>2<\/a><\/li>\n\n\n\n<li><a>...<\/a><\/li>\n\n\n\n<li><a href='?page_no=22171'>22171<\/a><\/li>\n\n\n\n<li><a href='?page_no=22172'>22172<\/a><\/li>\n\n\n\n<li class='active'><a>22173<\/a><\/li>\n\n\n\n<li><a href='?page_no=22174'>22174<\/a><\/li>\n\n\n\n<li><a href='?page_no=22175'>22175<\/a><\/li>\n\n\n\n<li><a>...<\/a><\/li>\n\n\n\n<li><a href='?page_no=51012'>51012<\/a><\/li>\n\n\n\n<li><a href='?page_no=51013'>51013<\/a><\/li>\n\n    \n\t\n\n<li >\n\t<a href='?page_no=22174'>Next<\/a>\n\t<\/li>\n\n\n    \n\n<li><a href='?page_no=51013'>Last &rsaquo;&rsaquo;<\/a><\/li>\n\n<\/ul>\n\n\n--><br \/>\n<\/body><\/p>\n","protected":false},"excerpt":{"rendered":"<p>RIO DE JANEIRO, 9 nov (Xinhua) &#8212; Las autoridades brasile\u00f1as embargaron las actividades de la minera Samarco en la regi\u00f3n donde el jueves se produjo un vertido de residuos que dej\u00f3 por el momento cuatro muertos y 25 desaparecidos. El Gobierno de Minas Gerais, donde se produjo el desastre, afirm\u00f3 hoy que con la decisi\u00f3n, [&hellip;]<\/p>\n","protected":false},"author":3,"featured_media":0,"comment_status":"open","ping_status":"open","sticky":false,"template":"","format":"standard","meta":{"footnotes":""},"categories":[23],"tags":[],"class_list":["post-252528","post","type-post","status-publish","format-standard","hentry","category-internacional"],"_links":{"self":[{"href":"https:\/\/diariodominicano.com\/index.php?rest_route=\/wp\/v2\/posts\/252528","targetHints":{"allow":["GET"]}}],"collection":[{"href":"https:\/\/diariodominicano.com\/index.php?rest_route=\/wp\/v2\/posts"}],"about":[{"href":"https:\/\/diariodominicano.com\/index.php?rest_route=\/wp\/v2\/types\/post"}],"author":[{"embeddable":true,"href":"https:\/\/diariodominicano.com\/index.php?rest_route=\/wp\/v2\/users\/3"}],"replies":[{"embeddable":true,"href":"https:\/\/diariodominicano.com\/index.php?rest_route=%2Fwp%2Fv2%2Fcomments&post=252528"}],"version-history":[{"count":0,"href":"https:\/\/diariodominicano.com\/index.php?rest_route=\/wp\/v2\/posts\/252528\/revisions"}],"wp:attachment":[{"href":"https:\/\/diariodominicano.com\/index.php?rest_route=%2Fwp%2Fv2%2Fmedia&parent=252528"}],"wp:term":[{"taxonomy":"category","embeddable":true,"href":"https:\/\/diariodominicano.com\/index.php?rest_route=%2Fwp%2Fv2%2Fcategories&post=252528"},{"taxonomy":"post_tag","embeddable":true,"href":"https:\/\/diariodominicano.com\/index.php?rest_route=%2Fwp%2Fv2%2Ftags&post=252528"}],"curies":[{"name":"wp","href":"https:\/\/api.w.org\/{rel}","templated":true}]}}