{"id":252527,"date":"2015-11-09T22:12:15","date_gmt":"2015-11-09T22:12:15","guid":{"rendered":"http:\/\/diariodominicano.ddns.net\/?p=252527"},"modified":"2015-11-09T22:12:15","modified_gmt":"2015-11-09T22:12:15","slug":"esposa-de-ex-presidente-martinelli-dispuesta-a-testificar","status":"publish","type":"post","link":"https:\/\/diariodominicano.com\/?p=252527","title":{"rendered":"Esposa de ex presidente Martinelli dispuesta a testificar"},"content":{"rendered":"<p><body><\/p>\n<p><span class=\"text1noticias\">PANAMA, 9 nov (Xinhua) &#8212; La esposa del ex presidente paname\u00f1o Ricardo Martinelli (2009-2014) y ex primera dama de su pa\u00eds Marta Linares de Martinelli expres\u00f3 hoy su disposici\u00f3n a testificar si as\u00ed se requiere en un caso sobre supuesta corrupci\u00f3n p\u00fablica, al referirse a una solicitud desde una fiscal\u00eda de su pa\u00eds para el levantamiento del fuero con que cuenta y para que pueda ser comparecer como testigo.<\/span><\/p>\n<p><span class=\"text1noticias\"> <\/span><\/p>\n<p><span class=\"text1noticias\">El punto de vista lo expres\u00f3 la ex primera dama a trav\u00e9s su cuenta en Twitter, al se\u00f1alar que \u00aben Panam\u00e1 se vive grave persecuci\u00f3n pol\u00edtica. No soy parte de ning\u00fan proceso, pero si la fiscal\u00eda me solicita como testigo, ah\u00ed estar\u00e9\u00bb.  <\/span><\/p>\n<p><span class=\"text1noticias\"> <\/span><\/p>\n<p><span class=\"text1noticias\">Una fuente del Ministerio P\u00fablico paname\u00f1o confirm\u00f3 a Xinhua la solicitud de levantamiento del fuero a la esposa del ex mandatario, y al haber sido jefa de despacho cuando fungi\u00f3 como Primera Dama de Panam\u00e1, y a fin que sea testigo, dado el fuero de que goza al haber sido aspirante a convencional en si movimiento el Partido Cambio Democr\u00e1tico(CD), fundado por Matinelli.<\/span><\/p>\n<p><span class=\"text1noticias\"> <\/span><\/p>\n<p><span class=\"text1noticias\">El proceso que motiv\u00f3 la solicitud busca establecer responsabilidades en relaci\u00f3n con un contrato por alrededor de cinco millones de d\u00f3lares manejado a trav\u00e9s del Programa de Ayuda Nacional (PAN), y firmado en 2013, y por medio del cual se repartieron bolsas de comida que entreg\u00f3 el Despacho de la Primera Dama.<\/span><\/p>\n<p><span class=\"text1noticias\"> <\/span><\/p>\n<p><span class=\"text1noticias\">Rafael Guardia, quien fue director del PAN, permanece detenido desde hace meses en consideraci\u00f3n de averiguaciones sobre el supuesto manejo irregular de fondos p\u00fablicos durante la pasada administraci\u00f3n de Martinelli.<\/span><\/p>\n<p><span class=\"text1noticias\"> <\/span><\/p>\n<p><span class=\"text1noticias\">Hoy los representantes de CD anunciaron en conferencia de prensa en la capital paname\u00f1a      que volver\u00e1n nuevamente a las calles para protestar en contra del gobierno del presidente paname\u00f1o, Juan Carlos Varela, a quien acusan de violar los derechos humanos m\u00e1s elementales del pueblo.<\/span><\/p>\n<p><span class=\"text1noticias\"> <\/span><\/p>\n<p><span class=\"text1noticias\">Indicaron que protestar\u00e1n el pr\u00f3ximo jueves en las instalaciones de la Defensor\u00eda del Pueblo,  localizada en la transitada Calle 50, en el coraz\u00f3n del centro bancario internacional de Panam\u00e1.<\/span><\/p>\n<p><span class=\"text1noticias\"> <\/span><\/p>\n<p><span class=\"text1noticias\">Acusaron a la Defensor\u00eda del Pueblo de ser c\u00f3mplice al guardar silencio ante las que consideran son las violaciones a los derechos humanos de ex funcionarios del gobierno de Martinelli que permanecen detenidos en consideraci\u00f3n con procesos sobre supuesta corr<\/span>upci\u00f3n.<\/p>\n<h6> 2015-11-09 22:12:15 <\/h6>\n<p><!--\n<link rel=\"stylesheet\" href=\"css\/bootstrap.min.css\">\n\n\n<ul class=\"pagination\">\n\t    \n\t\n\n<li >\n\t<a href='?page_no=22171'>Previous<\/a>\n\t<\/li>\n\n\n       \n    \n\n<li><a href='?page_no=1'>1<\/a><\/li>\n\n\n\n<li><a href='?page_no=2'>2<\/a><\/li>\n\n\n\n<li><a>...<\/a><\/li>\n\n\n\n<li><a href='?page_no=22170'>22170<\/a><\/li>\n\n\n\n<li><a href='?page_no=22171'>22171<\/a><\/li>\n\n\n\n<li class='active'><a>22172<\/a><\/li>\n\n\n\n<li><a href='?page_no=22173'>22173<\/a><\/li>\n\n\n\n<li><a href='?page_no=22174'>22174<\/a><\/li>\n\n\n\n<li><a>...<\/a><\/li>\n\n\n\n<li><a href='?page_no=51012'>51012<\/a><\/li>\n\n\n\n<li><a href='?page_no=51013'>51013<\/a><\/li>\n\n    \n\t\n\n<li >\n\t<a href='?page_no=22173'>Next<\/a>\n\t<\/li>\n\n\n    \n\n<li><a href='?page_no=51013'>Last &rsaquo;&rsaquo;<\/a><\/li>\n\n<\/ul>\n\n\n--><br \/>\n<\/body><\/p>\n","protected":false},"excerpt":{"rendered":"<p>PANAMA, 9 nov (Xinhua) &#8212; La esposa del ex presidente paname\u00f1o Ricardo Martinelli (2009-2014) y ex primera dama de su pa\u00eds Marta Linares de Martinelli expres\u00f3 hoy su disposici\u00f3n a testificar si as\u00ed se requiere en un caso sobre supuesta corrupci\u00f3n p\u00fablica, al referirse a una solicitud desde una fiscal\u00eda de su pa\u00eds para el [&hellip;]<\/p>\n","protected":false},"author":3,"featured_media":0,"comment_status":"open","ping_status":"open","sticky":false,"template":"","format":"standard","meta":{"footnotes":""},"categories":[23],"tags":[],"class_list":["post-252527","post","type-post","status-publish","format-standard","hentry","category-internacional"],"_links":{"self":[{"href":"https:\/\/diariodominicano.com\/index.php?rest_route=\/wp\/v2\/posts\/252527","targetHints":{"allow":["GET"]}}],"collection":[{"href":"https:\/\/diariodominicano.com\/index.php?rest_route=\/wp\/v2\/posts"}],"about":[{"href":"https:\/\/diariodominicano.com\/index.php?rest_route=\/wp\/v2\/types\/post"}],"author":[{"embeddable":true,"href":"https:\/\/diariodominicano.com\/index.php?rest_route=\/wp\/v2\/users\/3"}],"replies":[{"embeddable":true,"href":"https:\/\/diariodominicano.com\/index.php?rest_route=%2Fwp%2Fv2%2Fcomments&post=252527"}],"version-history":[{"count":0,"href":"https:\/\/diariodominicano.com\/index.php?rest_route=\/wp\/v2\/posts\/252527\/revisions"}],"wp:attachment":[{"href":"https:\/\/diariodominicano.com\/index.php?rest_route=%2Fwp%2Fv2%2Fmedia&parent=252527"}],"wp:term":[{"taxonomy":"category","embeddable":true,"href":"https:\/\/diariodominicano.com\/index.php?rest_route=%2Fwp%2Fv2%2Fcategories&post=252527"},{"taxonomy":"post_tag","embeddable":true,"href":"https:\/\/diariodominicano.com\/index.php?rest_route=%2Fwp%2Fv2%2Ftags&post=252527"}],"curies":[{"name":"wp","href":"https:\/\/api.w.org\/{rel}","templated":true}]}}