{"id":252525,"date":"2015-11-09T22:34:39","date_gmt":"2015-11-09T22:34:39","guid":{"rendered":"http:\/\/diariodominicano.ddns.net\/?p=252525"},"modified":"2015-11-09T22:34:39","modified_gmt":"2015-11-09T22:34:39","slug":"rousseff-sanciona-ley-pare-prevenir-y-combatir-el-bullying","status":"publish","type":"post","link":"https:\/\/diariodominicano.com\/?p=252525","title":{"rendered":"Rousseff sanciona ley pare prevenir y combatir el \u00abbullying\u00bb"},"content":{"rendered":"<p><body><\/p>\n<p><img decoding=\"async\" src=\"img3\/vilma-stop.jpg\" \/>  <\/p>\n<p><span class=\"text1noticias\">RIO DE JANEIRO, 9 nov (Xinhua) &#8212; La presidenta de Brasil, Dilma Rousseff, sancion\u00f3 hoy una ley para prevenir y combatir la pr\u00e1ctica de intimidaci\u00f3n sistem\u00e1tica, el \u00abbullying\u00bb, con iniciativas en escuelas, clubes y asociaciones recreativas.<\/span><\/p>\n<p><span class=\"text1noticias\"> <\/span><\/p>\n<p><span class=\"text1noticias\">La ley fue publicada este lunes en el Diario Oficial de la Uni\u00f3n con la intenci\u00f3n de impulsar acciones \u00abdel Ministerio de Educaci\u00f3n y de las secretar\u00edas regionales y municipales de Educaci\u00f3n\u00bb contra el bullying, as\u00ed como de \u00abdocentes y equipos pedag\u00f3gicos\u00bb, que implementar\u00e1n las \u00abacciones de discusi\u00f3n, prevenci\u00f3n, orientaci\u00f3n y soluci\u00f3n\u00bb del problema.<\/span><\/p>\n<p><span class=\"text1noticias\"> <\/span><\/p>\n<p><span class=\"text1noticias\">El Gobierno brasile\u00f1o resalt\u00f3 la importancia de fomentar campa\u00f1as de educaci\u00f3n, concienciaci\u00f3n e informaci\u00f3n que promuevan la \u00abempat\u00eda y el respeto a terceros en el marco de una cultura de paz y tolerancia mutua\u00bb, y considera esencial la importancia que tienen los medios de comunicaci\u00f3n de masas para transmitir el mensaje a la poblaci\u00f3n.<\/span><\/p>\n<p><span class=\"text1noticias\"> <\/span><\/p>\n<p><span class=\"text1noticias\">Seg\u00fan la nueva ley, el bullying no debe ser duramente castigado sino que debe ser resuelto con  \u00abpr\u00e1cticas de conducta y orientaci\u00f3n a padres, familiares y responsables ante la identificaci\u00f3n de v\u00edctimas y agresores\u00bb, y darles a ambos lados \u00abasistencia psicol\u00f3gica, social y jur\u00eddica\u00bb.<\/span><\/p>\n<p><span class=\"text1noticias\"> <\/span><\/p>\n<p><span class=\"text1noticias\">El texto define la intimidaci\u00f3n sistem\u00e1tica como \u00abtodo acto de violencia f\u00edsica o psicol\u00f3gica, intencional o repetitiva, que ocurre sin motivaci\u00f3n evidente practicada por un individuo o un grupo contra una o m\u00e1s personas con el objetivo de intimidar o agredir, causando dolor y angustia en v\u00edctima en una relaci\u00f3n de desequilibrio de poder entre las partes implicadas\u00bb.<\/span><\/p>\n<p><span class=\"text1noticias\"> <\/span><\/p>\n<p><span class=\"text1noticias\">La ley entrar\u00e1 a valer en noventa d\u00edas y regularizar\u00e1 el combate al \u00abbullying\u00bb en los campos verbal, moral, sexual, social, psicol\u00f3gico, f\u00edsico, material y virtual, incluyendo as\u00ed el \u00abcyberbullying\u00bb, el acoso por inte<\/span>rnet.<\/p>\n<h6> 2015-11-09 22:34:39 <\/h6>\n<p><!--\n<link rel=\"stylesheet\" href=\"css\/bootstrap.min.css\">\n\n\n<ul class=\"pagination\">\n\t    \n\t\n\n<li >\n\t<a href='?page_no=22169'>Previous<\/a>\n\t<\/li>\n\n\n       \n    \n\n<li><a href='?page_no=1'>1<\/a><\/li>\n\n\n\n<li><a href='?page_no=2'>2<\/a><\/li>\n\n\n\n<li><a>...<\/a><\/li>\n\n\n\n<li><a href='?page_no=22168'>22168<\/a><\/li>\n\n\n\n<li><a href='?page_no=22169'>22169<\/a><\/li>\n\n\n\n<li class='active'><a>22170<\/a><\/li>\n\n\n\n<li><a href='?page_no=22171'>22171<\/a><\/li>\n\n\n\n<li><a href='?page_no=22172'>22172<\/a><\/li>\n\n\n\n<li><a>...<\/a><\/li>\n\n\n\n<li><a href='?page_no=51012'>51012<\/a><\/li>\n\n\n\n<li><a href='?page_no=51013'>51013<\/a><\/li>\n\n    \n\t\n\n<li >\n\t<a href='?page_no=22171'>Next<\/a>\n\t<\/li>\n\n\n    \n\n<li><a href='?page_no=51013'>Last &rsaquo;&rsaquo;<\/a><\/li>\n\n<\/ul>\n\n\n--><br \/>\n<\/body><\/p>\n","protected":false},"excerpt":{"rendered":"<p>RIO DE JANEIRO, 9 nov (Xinhua) &#8212; La presidenta de Brasil, Dilma Rousseff, sancion\u00f3 hoy una ley para prevenir y combatir la pr\u00e1ctica de intimidaci\u00f3n sistem\u00e1tica, el \u00abbullying\u00bb, con iniciativas en escuelas, clubes y asociaciones recreativas. La ley fue publicada este lunes en el Diario Oficial de la Uni\u00f3n con la intenci\u00f3n de impulsar acciones [&hellip;]<\/p>\n","protected":false},"author":3,"featured_media":0,"comment_status":"open","ping_status":"open","sticky":false,"template":"","format":"standard","meta":{"footnotes":""},"categories":[23],"tags":[],"class_list":["post-252525","post","type-post","status-publish","format-standard","hentry","category-internacional"],"_links":{"self":[{"href":"https:\/\/diariodominicano.com\/index.php?rest_route=\/wp\/v2\/posts\/252525","targetHints":{"allow":["GET"]}}],"collection":[{"href":"https:\/\/diariodominicano.com\/index.php?rest_route=\/wp\/v2\/posts"}],"about":[{"href":"https:\/\/diariodominicano.com\/index.php?rest_route=\/wp\/v2\/types\/post"}],"author":[{"embeddable":true,"href":"https:\/\/diariodominicano.com\/index.php?rest_route=\/wp\/v2\/users\/3"}],"replies":[{"embeddable":true,"href":"https:\/\/diariodominicano.com\/index.php?rest_route=%2Fwp%2Fv2%2Fcomments&post=252525"}],"version-history":[{"count":0,"href":"https:\/\/diariodominicano.com\/index.php?rest_route=\/wp\/v2\/posts\/252525\/revisions"}],"wp:attachment":[{"href":"https:\/\/diariodominicano.com\/index.php?rest_route=%2Fwp%2Fv2%2Fmedia&parent=252525"}],"wp:term":[{"taxonomy":"category","embeddable":true,"href":"https:\/\/diariodominicano.com\/index.php?rest_route=%2Fwp%2Fv2%2Fcategories&post=252525"},{"taxonomy":"post_tag","embeddable":true,"href":"https:\/\/diariodominicano.com\/index.php?rest_route=%2Fwp%2Fv2%2Ftags&post=252525"}],"curies":[{"name":"wp","href":"https:\/\/api.w.org\/{rel}","templated":true}]}}