{"id":252524,"date":"2015-11-09T22:46:52","date_gmt":"2015-11-09T22:46:52","guid":{"rendered":"http:\/\/diariodominicano.ddns.net\/?p=252524"},"modified":"2015-11-09T22:46:52","modified_gmt":"2015-11-09T22:46:52","slug":"confirma-tse-a-jimmy-morales-como-presidente-electo","status":"publish","type":"post","link":"https:\/\/diariodominicano.com\/?p=252524","title":{"rendered":"Confirma TSE a Jimmy Morales como presidente electo"},"content":{"rendered":"<p><body><\/p>\n<p><img decoding=\"async\" src=\"img3\/jimmymorales.jpg\" \/>  <\/p>\n<p><span class=\"text1noticias\">Guatemala, 9 nov (PL) Dos semanas despu\u00e9s del balotaje, celebrado el 25 de octubre, el Tribunal Supremo Electoral (TSE) confirm\u00f3 hoy a Jimmy Morales y a Jafeth Cabrera como el pr\u00f3ximo binomio presidencial en Guatemala.<\/span><\/p>\n<p><span class=\"text1noticias\"> <\/span><\/p>\n<p><span class=\"text1noticias\">La oficializaci\u00f3n del resultado de la segunda vuelta de las elecciones qued\u00f3 plasmada en el Acuerdo 455-2015, rubricado por los magistrados miembros del \u00f3rgano rector de los comicios en este pa\u00eds centroamericano.<\/span><\/p>\n<p><span class=\"text1noticias\"> <\/span><\/p>\n<p><span class=\"text1noticias\">Seg\u00fan el documento, el Frente de Convergencia Nacional (FCN-Naci\u00f3n) logr\u00f3 dos millones 751 mil 58 votos y la Unidad Nacional de la Esperanza (UNE) un mill\u00f3n 328 mil 342.<\/span><\/p>\n<p><span class=\"text1noticias\"> <\/span><\/p>\n<p><span class=\"text1noticias\">Los resultados reflejados representan una variaci\u00f3n ligera con relaci\u00f3n a los mostrados en el sitio digital del TSE, en el cual el partido ganador ten\u00eda 211 votos menos y su contraparte 39 m\u00e1s que los registrados en el acuerdo.<\/span><\/p>\n<p><span class=\"text1noticias\"> <\/span><\/p>\n<p><span class=\"text1noticias\">Esta variaci\u00f3n est\u00e1 asociada a las audiencias de revisi\u00f3n, aunque no existi\u00f3 ninguna impugnaci\u00f3n a los resultados, declar\u00f3 el magistrado Julio Sol\u00f3rzano a los medios de pre<\/span>nsa.<\/p>\n<h6> 2015-11-09 22:46:52 <\/h6>\n<p><!--\n<link rel=\"stylesheet\" href=\"css\/bootstrap.min.css\">\n\n\n<ul class=\"pagination\">\n\t    \n\t\n\n<li >\n\t<a href='?page_no=22168'>Previous<\/a>\n\t<\/li>\n\n\n       \n    \n\n<li><a href='?page_no=1'>1<\/a><\/li>\n\n\n\n<li><a href='?page_no=2'>2<\/a><\/li>\n\n\n\n<li><a>...<\/a><\/li>\n\n\n\n<li><a href='?page_no=22167'>22167<\/a><\/li>\n\n\n\n<li><a href='?page_no=22168'>22168<\/a><\/li>\n\n\n\n<li class='active'><a>22169<\/a><\/li>\n\n\n\n<li><a href='?page_no=22170'>22170<\/a><\/li>\n\n\n\n<li><a href='?page_no=22171'>22171<\/a><\/li>\n\n\n\n<li><a>...<\/a><\/li>\n\n\n\n<li><a href='?page_no=51012'>51012<\/a><\/li>\n\n\n\n<li><a href='?page_no=51013'>51013<\/a><\/li>\n\n    \n\t\n\n<li >\n\t<a href='?page_no=22170'>Next<\/a>\n\t<\/li>\n\n\n    \n\n<li><a href='?page_no=51013'>Last &rsaquo;&rsaquo;<\/a><\/li>\n\n<\/ul>\n\n\n--><br \/>\n<\/body><\/p>\n","protected":false},"excerpt":{"rendered":"<p>Guatemala, 9 nov (PL) Dos semanas despu\u00e9s del balotaje, celebrado el 25 de octubre, el Tribunal Supremo Electoral (TSE) confirm\u00f3 hoy a Jimmy Morales y a Jafeth Cabrera como el pr\u00f3ximo binomio presidencial en Guatemala. La oficializaci\u00f3n del resultado de la segunda vuelta de las elecciones qued\u00f3 plasmada en el Acuerdo 455-2015, rubricado por los [&hellip;]<\/p>\n","protected":false},"author":3,"featured_media":0,"comment_status":"open","ping_status":"open","sticky":false,"template":"","format":"standard","meta":{"footnotes":""},"categories":[23],"tags":[],"class_list":["post-252524","post","type-post","status-publish","format-standard","hentry","category-internacional"],"_links":{"self":[{"href":"https:\/\/diariodominicano.com\/index.php?rest_route=\/wp\/v2\/posts\/252524","targetHints":{"allow":["GET"]}}],"collection":[{"href":"https:\/\/diariodominicano.com\/index.php?rest_route=\/wp\/v2\/posts"}],"about":[{"href":"https:\/\/diariodominicano.com\/index.php?rest_route=\/wp\/v2\/types\/post"}],"author":[{"embeddable":true,"href":"https:\/\/diariodominicano.com\/index.php?rest_route=\/wp\/v2\/users\/3"}],"replies":[{"embeddable":true,"href":"https:\/\/diariodominicano.com\/index.php?rest_route=%2Fwp%2Fv2%2Fcomments&post=252524"}],"version-history":[{"count":0,"href":"https:\/\/diariodominicano.com\/index.php?rest_route=\/wp\/v2\/posts\/252524\/revisions"}],"wp:attachment":[{"href":"https:\/\/diariodominicano.com\/index.php?rest_route=%2Fwp%2Fv2%2Fmedia&parent=252524"}],"wp:term":[{"taxonomy":"category","embeddable":true,"href":"https:\/\/diariodominicano.com\/index.php?rest_route=%2Fwp%2Fv2%2Fcategories&post=252524"},{"taxonomy":"post_tag","embeddable":true,"href":"https:\/\/diariodominicano.com\/index.php?rest_route=%2Fwp%2Fv2%2Ftags&post=252524"}],"curies":[{"name":"wp","href":"https:\/\/api.w.org\/{rel}","templated":true}]}}