{"id":252520,"date":"2015-11-10T12:28:46","date_gmt":"2015-11-10T12:28:46","guid":{"rendered":"http:\/\/diariodominicano.ddns.net\/?p=252520"},"modified":"2015-11-10T12:28:46","modified_gmt":"2015-11-10T12:28:46","slug":"cuba-y-ee-uu-instalan-segundo-encuentro-de-comision-bilateral","status":"publish","type":"post","link":"https:\/\/diariodominicano.com\/?p=252520","title":{"rendered":"Cuba y EE.UU. instalan segundo encuentro de Comisi\u00f3n Bilateral"},"content":{"rendered":"<p><body><\/p>\n<p><img decoding=\"async\" src=\"img3\/edward-lee-josefina-vidal.jpg\" \/>  <\/p>\n<p><span class=\"text1noticias\"> <\/span><\/p>\n<p><span class=\"text1noticias\">  <\/span><\/p>\n<p><span class=\"text1noticias\">Por Waldo Mendiluza, enviado especial<\/span><\/p>\n<p><span class=\"text1noticias\">Washington, 10 nov (PL) Delegaciones de Cuba y Estados Unidos instalaron hoy en esta capital el segundo encuentro de la Comisi\u00f3n Bilateral creada para avanzar hacia la normalizaci\u00f3n de sus relaciones.<\/span><\/p>\n<\/p>\n<p><span class=\"text1noticias\">Combate a delitos transnacionales en agenda de cooperaci\u00f3n Cuba-EEUU.<\/span><\/p>\n<p><span class=\"text1noticias\">En la sede del Departamento de Estado, ambos gobiernos revisar\u00e1n lo acordado en la primera reuni\u00f3n, celebrada el 11 de septiembre en La Habana.<\/span><\/p>\n<\/p>\n<p><span class=\"text1noticias\">Por la parte cubana, lidera las conversaciones la directora general de Estados Unidos de la Canciller\u00eda, Josefina Vidal, mientras por la anfitriona lo hace el subsecretario adjunto para los Asuntos del Hemisferio Occidental del Departamento de Estado, Edward Alex Lee.<\/span><\/p>\n<\/p>\n<p><span class=\"text1noticias\">El foro de un d\u00eda permitir\u00e1 adem\u00e1s a los dos gobiernos evaluar los resultados del acercamiento que comenz\u00f3 en diciembre de 2014, con el anuncio de la decisi\u00f3n de los presidentes Ra\u00fal Castro y Barack Obama, y abordar los complejos asuntos pendientes de soluci\u00f3n en el escenario bilateral.<\/span><\/p>\n<\/p>\n<p><span class=\"text1noticias\">Se espera que entre los temas de discusi\u00f3n destaque el levantamiento del bloqueo econ\u00f3mico, comercial y financiero impuesto por Washington a la isla durante m\u00e1s de medio siglo, cerco vigente pese a la reanudaci\u00f3n de v\u00ednculos diplom\u00e1ticos, en julio pasado, paso que dio lugar al establecimiento de la Comisi\u00f3n.<\/span><\/p>\n<\/p>\n<p><span class=\"text1noticias\">Cuba considera el bloqueo un serio obst\u00e1culo de cara al proceso de normalizaci\u00f3n, al igual que otros aspectos de la tradicional hostilidad estadounidense, como la ocupaci\u00f3n de una parte del territorio oriental de la mayor de las Antillas (la Base Naval de Guant\u00e1namo), las transmisiones ilegales de radio y televisi\u00f3n y los programas subversivos dirigidos al cambio de r\u00e9gimen.<\/span><\/p>\n<\/p>\n<p><span class=\"text1noticias\">De acuerdo con fuentes diplom\u00e1ticas de la isla, en la tarde Vidal sostendr\u00e1 un breve encuentro con periodistas, para ofrecerles aspectos importantes de la reuni\u00f3n.<\/span><\/p>\n<p><span class=\"text1noticias\">  <\/span><\/p>\n<p><span class=\"text1noticias\">Por Waldo Mendiluza, enviado especial<\/span><\/p>\n<p><span class=\"text1noticias\">Washington, 10 nov (PL) Delegaciones de Cuba y Estados Unidos instalaron hoy en esta capital el segundo encuentro de la Comisi\u00f3n Bilateral creada para avanzar hacia la normalizaci\u00f3n de sus relaciones.<\/span><\/p>\n<\/p>\n<p><span class=\"text1noticias\">En la sede del Departamento de Estado, ambos gobiernos revisar\u00e1n lo acordado en la primera reuni\u00f3n, celebrada el 11 de septiembre en La Habana.<\/span><\/p>\n<\/p>\n<p><span class=\"text1noticias\">Por la parte cubana, lidera las conversaciones la directora general de Estados Unidos de la Canciller\u00eda, Josefina Vidal, mientras por la anfitriona lo hace el subsecretario adjunto para los Asuntos del Hemisferio Occidental del Departamento de Estado, Edward Alex Lee.<\/span><\/p>\n<\/p>\n<p><span class=\"text1noticias\">El foro de un d\u00eda permitir\u00e1 adem\u00e1s a los dos gobiernos evaluar los resultados del acercamiento que comenz\u00f3 en diciembre de 2014, con el anuncio de la decisi\u00f3n de los presidentes Ra\u00fal Castro y Barack Obama, y abordar los complejos asuntos pendientes de soluci\u00f3n en el escenario bilateral.<\/span><\/p>\n<\/p>\n<p><span class=\"text1noticias\">Se espera que entre los temas de discusi\u00f3n destaque el levantamiento del bloqueo econ\u00f3mico, comercial y financiero impuesto por Washington a la isla durante m\u00e1s de medio siglo, cerco vigente pese a la reanudaci\u00f3n de v\u00ednculos diplom\u00e1ticos, en julio pasado, paso que dio lugar al establecimiento de la Comisi\u00f3n.<\/span><\/p>\n<\/p>\n<p><span class=\"text1noticias\">Cuba considera el bloqueo un serio obst\u00e1culo de cara al proceso de normalizaci\u00f3n, al igual que otros aspectos de la tradicional hostilidad estadounidense, como la ocupaci\u00f3n de una parte del territorio oriental de la mayor de las Antillas (la Base Naval de Guant\u00e1namo), las transmisiones ilegales de radio y televisi\u00f3n y los programas subversivos dirigidos al cambio de r\u00e9gimen.<\/span><\/p>\n<\/p>\n<p><span class=\"text1noticias\">De acuerdo con fuentes diplom\u00e1ticas de la isla, en la tarde Vidal sostendr\u00e1 un breve encuentro con periodistas, para ofrecerles aspectos importantes de la reuni\u00f3n.<\/span><\/p>\n<h6> 2015-11-10 12:28:46 <\/h6>\n<p><!--\n<link rel=\"stylesheet\" href=\"css\/bootstrap.min.css\">\n\n\n<ul class=\"pagination\">\n\t    \n\t\n\n<li >\n\t<a href='?page_no=22164'>Previous<\/a>\n\t<\/li>\n\n\n       \n    \n\n<li><a href='?page_no=1'>1<\/a><\/li>\n\n\n\n<li><a href='?page_no=2'>2<\/a><\/li>\n\n\n\n<li><a>...<\/a><\/li>\n\n\n\n<li><a href='?page_no=22163'>22163<\/a><\/li>\n\n\n\n<li><a href='?page_no=22164'>22164<\/a><\/li>\n\n\n\n<li class='active'><a>22165<\/a><\/li>\n\n\n\n<li><a href='?page_no=22166'>22166<\/a><\/li>\n\n\n\n<li><a href='?page_no=22167'>22167<\/a><\/li>\n\n\n\n<li><a>...<\/a><\/li>\n\n\n\n<li><a href='?page_no=51012'>51012<\/a><\/li>\n\n\n\n<li><a href='?page_no=51013'>51013<\/a><\/li>\n\n    \n\t\n\n<li >\n\t<a href='?page_no=22166'>Next<\/a>\n\t<\/li>\n\n\n    \n\n<li><a href='?page_no=51013'>Last &rsaquo;&rsaquo;<\/a><\/li>\n\n<\/ul>\n\n\n--><br \/>\n<\/body><\/p>\n","protected":false},"excerpt":{"rendered":"<p>Por Waldo Mendiluza, enviado especial Washington, 10 nov (PL) Delegaciones de Cuba y Estados Unidos instalaron hoy en esta capital el segundo encuentro de la Comisi\u00f3n Bilateral creada para avanzar hacia la normalizaci\u00f3n de sus relaciones. Combate a delitos transnacionales en agenda de cooperaci\u00f3n Cuba-EEUU. En la sede del Departamento de Estado, ambos gobiernos revisar\u00e1n [&hellip;]<\/p>\n","protected":false},"author":3,"featured_media":0,"comment_status":"open","ping_status":"open","sticky":false,"template":"","format":"standard","meta":{"footnotes":""},"categories":[23],"tags":[],"class_list":["post-252520","post","type-post","status-publish","format-standard","hentry","category-internacional"],"_links":{"self":[{"href":"https:\/\/diariodominicano.com\/index.php?rest_route=\/wp\/v2\/posts\/252520","targetHints":{"allow":["GET"]}}],"collection":[{"href":"https:\/\/diariodominicano.com\/index.php?rest_route=\/wp\/v2\/posts"}],"about":[{"href":"https:\/\/diariodominicano.com\/index.php?rest_route=\/wp\/v2\/types\/post"}],"author":[{"embeddable":true,"href":"https:\/\/diariodominicano.com\/index.php?rest_route=\/wp\/v2\/users\/3"}],"replies":[{"embeddable":true,"href":"https:\/\/diariodominicano.com\/index.php?rest_route=%2Fwp%2Fv2%2Fcomments&post=252520"}],"version-history":[{"count":0,"href":"https:\/\/diariodominicano.com\/index.php?rest_route=\/wp\/v2\/posts\/252520\/revisions"}],"wp:attachment":[{"href":"https:\/\/diariodominicano.com\/index.php?rest_route=%2Fwp%2Fv2%2Fmedia&parent=252520"}],"wp:term":[{"taxonomy":"category","embeddable":true,"href":"https:\/\/diariodominicano.com\/index.php?rest_route=%2Fwp%2Fv2%2Fcategories&post=252520"},{"taxonomy":"post_tag","embeddable":true,"href":"https:\/\/diariodominicano.com\/index.php?rest_route=%2Fwp%2Fv2%2Ftags&post=252520"}],"curies":[{"name":"wp","href":"https:\/\/api.w.org\/{rel}","templated":true}]}}