{"id":252519,"date":"2015-11-10T12:32:40","date_gmt":"2015-11-10T12:32:40","guid":{"rendered":"http:\/\/diariodominicano.ddns.net\/?p=252519"},"modified":"2015-11-10T12:32:40","modified_gmt":"2015-11-10T12:32:40","slug":"colombia-farc-ep-suspenden-compra-de-armas-y-municiones","status":"publish","type":"post","link":"https:\/\/diariodominicano.com\/?p=252519","title":{"rendered":"Colombia: FARC-EP suspenden compra de armas y municiones"},"content":{"rendered":"<p><body><\/p>\n<p><img decoding=\"async\" src=\"img3\/timoleon-jimenez.jpg\" \/>  <\/p>\n<\/p>\n<p>Bogot\u00e1, 10 nov (PL) El m\u00e1ximo jefe de las insurgentes FARC-EP, Timole\u00f3n Jim\u00e9nez, confirm\u00f3 hoy que orden\u00f3 suspender la compra de armas y municiones a todas las estructuras de ese movimiento, el principal involucrado en el largo conflicto colombiano.<\/p>\n<\/p>\n<p>A trav\u00e9s de su cuenta en Twitter el comandante guerrillero explic\u00f3 que dio esa indicaci\u00f3n a sus subordinados desde el pasado 30 de septiembre.<\/p>\n<\/p>\n<p>Adicionalmente llam\u00f3 a reducir la intensidad de la confrontaci\u00f3n b\u00e9lica, que ocasion\u00f3 la muerte a unos 300 mil colombianos en el transcurso de m\u00e1s de medio siglo.<\/p>\n<\/p>\n<p>#DesescalamientoYa, escribi\u00f3 Jim\u00e9nez en esa red social mediante la cual ha estado informando sobre recientes disposiciones y valoraciones acerca de los di\u00e1logos con el Gobierno para hallar una salida concertada a la guerra interna.<\/p>\n<\/p>\n<p>En d\u00edas previos voceros de las Fuerzas Armadas Revolucionarias de Colombia-Ej\u00e9rcito del Pueblo (FARC-EP) solicitaron al Ejecutivo instaurar de mutuo acuerdo una tregua como anticipo del cese el fuego bilateral y definitivo.<\/p>\n<\/p>\n<p>Desde el 20 de julio ese grupo rebelde decret\u00f3 una pausa combativa de manera aut\u00f3noma, la sexta de su tipo, con el objetivo de minimizar la victimizaci\u00f3n de la poblaci\u00f3n civil y avanzar hacia el t\u00e9rmino de la contienda.<\/p>\n<\/p>\n<p>La iniciativa fue secundada con la orden presidencial de suspender los ataques a\u00e9reos o bombardeos contra los campamentos de la insurgencia, no as\u00ed los operativos terrestres.<\/p>\n<\/p>\n<p>En sucesivos mensajes Jim\u00e9nez denunci\u00f3 la presencia de factores perturbadores de la tregua unilateral iniciada hace tres meses, entre los que mencion\u00f3 la persistencia de despliegues y acciones castrenses en las zonas donde permanecen asentadas las compa\u00f1\u00edas bajo su mando.<\/p>\n<\/p>\n<p>El presidente Juan Manuel Santos dej\u00f3 entrever la posibilidad de silenciar todos los fusiles de manera permanente a partir del 1 de enero o incluso antes como regalo de navidad, en tanto las FARC-EP han pedido proclamar esa medida desde ahora.<\/p>\n<\/p>\n<p>Como resultado de las pl\u00e1ticas pacifistas con sede en Cuba desde 2012 ambas partes beligerantes lograron consensos en temas como reforma rural integral, participaci\u00f3n pol\u00edtica enfocada en la profundizaci\u00f3n de la democracia y combate a las drogas il\u00edcitas.<\/p>\n<\/p>\n<p>Asimismo pactaron la creaci\u00f3n de la llamada Jurisdicci\u00f3n Especial para la Paz, mecanismo que permitir\u00e1 investigar, juzgar y sancionar a actores de la conflagraci\u00f3n, adem\u00e1s de rubricar un tratado para la b\u00fasqueda de desaparecidos y otro sobre el desminado en el territorio nacional, programa en marcha en Antioquia.<\/p>\n<h6> 2015-11-10 12:32:40 <\/h6>\n<p><!--\n<link rel=\"stylesheet\" href=\"css\/bootstrap.min.css\">\n\n\n<ul class=\"pagination\">\n\t    \n\t\n\n<li >\n\t<a href='?page_no=22163'>Previous<\/a>\n\t<\/li>\n\n\n       \n    \n\n<li><a href='?page_no=1'>1<\/a><\/li>\n\n\n\n<li><a href='?page_no=2'>2<\/a><\/li>\n\n\n\n<li><a>...<\/a><\/li>\n\n\n\n<li><a href='?page_no=22162'>22162<\/a><\/li>\n\n\n\n<li><a href='?page_no=22163'>22163<\/a><\/li>\n\n\n\n<li class='active'><a>22164<\/a><\/li>\n\n\n\n<li><a href='?page_no=22165'>22165<\/a><\/li>\n\n\n\n<li><a href='?page_no=22166'>22166<\/a><\/li>\n\n\n\n<li><a>...<\/a><\/li>\n\n\n\n<li><a href='?page_no=51012'>51012<\/a><\/li>\n\n\n\n<li><a href='?page_no=51013'>51013<\/a><\/li>\n\n    \n\t\n\n<li >\n\t<a href='?page_no=22165'>Next<\/a>\n\t<\/li>\n\n\n    \n\n<li><a href='?page_no=51013'>Last &rsaquo;&rsaquo;<\/a><\/li>\n\n<\/ul>\n\n\n--><br \/>\n<\/body><\/p>\n","protected":false},"excerpt":{"rendered":"<p>Bogot\u00e1, 10 nov (PL) El m\u00e1ximo jefe de las insurgentes FARC-EP, Timole\u00f3n Jim\u00e9nez, confirm\u00f3 hoy que orden\u00f3 suspender la compra de armas y municiones a todas las estructuras de ese movimiento, el principal involucrado en el largo conflicto colombiano. A trav\u00e9s de su cuenta en Twitter el comandante guerrillero explic\u00f3 que dio esa indicaci\u00f3n a [&hellip;]<\/p>\n","protected":false},"author":3,"featured_media":0,"comment_status":"open","ping_status":"open","sticky":false,"template":"","format":"standard","meta":{"footnotes":""},"categories":[23],"tags":[],"class_list":["post-252519","post","type-post","status-publish","format-standard","hentry","category-internacional"],"_links":{"self":[{"href":"https:\/\/diariodominicano.com\/index.php?rest_route=\/wp\/v2\/posts\/252519","targetHints":{"allow":["GET"]}}],"collection":[{"href":"https:\/\/diariodominicano.com\/index.php?rest_route=\/wp\/v2\/posts"}],"about":[{"href":"https:\/\/diariodominicano.com\/index.php?rest_route=\/wp\/v2\/types\/post"}],"author":[{"embeddable":true,"href":"https:\/\/diariodominicano.com\/index.php?rest_route=\/wp\/v2\/users\/3"}],"replies":[{"embeddable":true,"href":"https:\/\/diariodominicano.com\/index.php?rest_route=%2Fwp%2Fv2%2Fcomments&post=252519"}],"version-history":[{"count":0,"href":"https:\/\/diariodominicano.com\/index.php?rest_route=\/wp\/v2\/posts\/252519\/revisions"}],"wp:attachment":[{"href":"https:\/\/diariodominicano.com\/index.php?rest_route=%2Fwp%2Fv2%2Fmedia&parent=252519"}],"wp:term":[{"taxonomy":"category","embeddable":true,"href":"https:\/\/diariodominicano.com\/index.php?rest_route=%2Fwp%2Fv2%2Fcategories&post=252519"},{"taxonomy":"post_tag","embeddable":true,"href":"https:\/\/diariodominicano.com\/index.php?rest_route=%2Fwp%2Fv2%2Ftags&post=252519"}],"curies":[{"name":"wp","href":"https:\/\/api.w.org\/{rel}","templated":true}]}}