{"id":252517,"date":"2015-11-10T12:42:18","date_gmt":"2015-11-10T12:42:18","guid":{"rendered":"http:\/\/diariodominicano.ddns.net\/?p=252517"},"modified":"2015-11-10T12:42:18","modified_gmt":"2015-11-10T12:42:18","slug":"senado-de-ee-uu-debate-sobre-carcel-en-base-naval-de-guantanamo","status":"publish","type":"post","link":"https:\/\/diariodominicano.com\/?p=252517","title":{"rendered":"Senado de EE.UU. debate sobre c\u00e1rcel en base naval de Guant\u00e1namo"},"content":{"rendered":"<p><body><\/p>\n<p><img decoding=\"async\" src=\"img3\/cuba-baseguantanamo1.jpg\" \/>  <\/p>\n<\/p>\n<p>Washington, 10 nov (PL) El Senado estadounidense someter\u00e1 hoy a votaci\u00f3n un proyecto que pudiera rechazar los planes del presidente Barack Obama para trasladar a territorio continental de este pa\u00eds los presos de la c\u00e1rcel en la base de Guant\u00e1namo.<\/p>\n<\/p>\n<p>La propuesta, que seg\u00fan The New York Times tiene posibilidades de ser aprobada, est\u00e1 inclu\u00edda en un documento que otorgar\u00eda 607 mil millones de d\u00f3lares al Departamento de Defensa, en particular para construcciones militares, la participaci\u00f3n de Estados Unidos en la Organizaci\u00f3n del Tratado del Atl\u00e1ntico Norte (OTAN) y la atenci\u00f3n a los veteranos de guerra, entre otros ac\u00e1pites.<\/p>\n<\/p>\n<p>La C\u00e1mara de Representantes aval\u00f3 la semana pasada esta iniciativa por 370 votos a favor y 58 en contra.<\/p>\n<\/p>\n<p>A pesar de que las leyes actuales proh\u00edben a Obama trasladar a los detenidos hacia la naci\u00f3n norte\u00f1a, los congresistas est\u00e1n preocupados de que el mandatario cumpla este plan a trav\u00e9s de una acci\u00f3n ejecutiva.<\/p>\n<\/p>\n<p>Est\u00e1 previsto que el Departamento de Defensa publique en los pr\u00f3ximos d\u00edas un informe sobre la posibilidad de llevar algunos de los reos que permanecen en la c\u00e1rcel de Guant\u00e1namo hacia penitenciar\u00edas federales de m\u00e1xima seguridad en Colorado, Kansas o Carolina del Sur.<\/p>\n<\/p>\n<p>En enero de 2002, Washington inaugur\u00f3 este centro de internamiento para sospechosos de terrorismo en la base de Guant\u00e1namo, enclave militar ubicado en territorio cubano contra la voluntad del Gobierno y pueblo de la isla caribe\u00f1a.<\/p>\n<\/p>\n<p>La propuesta del jefe de la Casa Blanca de clausurar esta penitenciar\u00eda enfrenta una fuerte oposici\u00f3n de los republicanos, quienes con el control de la mayor\u00eda en ambas c\u00e1maras del Capitolio, alistan su estrategia para impedirlo.<\/p>\n<\/p>\n<p>En esos planes se destaca el senador Cory Gardner quien acus\u00f3 al mandatario ayer de poner sus promesas pol\u00edticas por encima de los intereses de seguridad nacional y para ello ignora las leyes al prever el cierre de esa controversial instalaci\u00f3n.<\/p>\n<\/p>\n<p>Por su parte, el tambi\u00e9n republicano Tim Scott se\u00f1al\u00f3 que sus colegas necesitan utilizar todas las armas pol\u00edticas de su arsenal para mantener abierta la prisi\u00f3n, y en ese sentido dijo que tiene una lista amplia de pasos adicionales que los republicanos deben seguir para mantener abierta dicha penitenciar\u00eda.<\/p>\n<\/p>\n<p>Actualmente permanecen en la c\u00e1rcel 112 detenidos, de los cuales 53 est\u00e1n autorizados para salir cuando se encuentre un lugar de destino, de acuerdo con informes oficiales.<\/p>\n<\/p>\n<p>Alrededor de 30 est\u00e1n cautivos de forma indefinida, 10 en varias fases de su procesamiento como supuestos criminales de guerra y 22 sin afrontar cargos delictivos y esperan una revisi\u00f3n de sus casos.<\/p>\n<\/p>\n<p>Existen numerosas denuncias de organizaciones internacionales sobre actos de torturas y otras violaciones de los derechos humanos en esa prisi\u00f3n, inaugurada por el presidente George W. Bush para albergar all\u00ed individuos sospechosos de cometer acciones terroristas.<\/p>\n<h6> 2015-11-10 12:42:18 <\/h6>\n<p><!--\n<link rel=\"stylesheet\" href=\"css\/bootstrap.min.css\">\n\n\n<ul class=\"pagination\">\n\t    \n\t\n\n<li >\n\t<a href='?page_no=22161'>Previous<\/a>\n\t<\/li>\n\n\n       \n    \n\n<li><a href='?page_no=1'>1<\/a><\/li>\n\n\n\n<li><a href='?page_no=2'>2<\/a><\/li>\n\n\n\n<li><a>...<\/a><\/li>\n\n\n\n<li><a href='?page_no=22160'>22160<\/a><\/li>\n\n\n\n<li><a href='?page_no=22161'>22161<\/a><\/li>\n\n\n\n<li class='active'><a>22162<\/a><\/li>\n\n\n\n<li><a href='?page_no=22163'>22163<\/a><\/li>\n\n\n\n<li><a href='?page_no=22164'>22164<\/a><\/li>\n\n\n\n<li><a>...<\/a><\/li>\n\n\n\n<li><a href='?page_no=51012'>51012<\/a><\/li>\n\n\n\n<li><a href='?page_no=51013'>51013<\/a><\/li>\n\n    \n\t\n\n<li >\n\t<a href='?page_no=22163'>Next<\/a>\n\t<\/li>\n\n\n    \n\n<li><a href='?page_no=51013'>Last &rsaquo;&rsaquo;<\/a><\/li>\n\n<\/ul>\n\n\n--><br \/>\n<\/body><\/p>\n","protected":false},"excerpt":{"rendered":"<p>Washington, 10 nov (PL) El Senado estadounidense someter\u00e1 hoy a votaci\u00f3n un proyecto que pudiera rechazar los planes del presidente Barack Obama para trasladar a territorio continental de este pa\u00eds los presos de la c\u00e1rcel en la base de Guant\u00e1namo. La propuesta, que seg\u00fan The New York Times tiene posibilidades de ser aprobada, est\u00e1 inclu\u00edda [&hellip;]<\/p>\n","protected":false},"author":3,"featured_media":0,"comment_status":"open","ping_status":"open","sticky":false,"template":"","format":"standard","meta":{"footnotes":""},"categories":[23],"tags":[],"class_list":["post-252517","post","type-post","status-publish","format-standard","hentry","category-internacional"],"_links":{"self":[{"href":"https:\/\/diariodominicano.com\/index.php?rest_route=\/wp\/v2\/posts\/252517","targetHints":{"allow":["GET"]}}],"collection":[{"href":"https:\/\/diariodominicano.com\/index.php?rest_route=\/wp\/v2\/posts"}],"about":[{"href":"https:\/\/diariodominicano.com\/index.php?rest_route=\/wp\/v2\/types\/post"}],"author":[{"embeddable":true,"href":"https:\/\/diariodominicano.com\/index.php?rest_route=\/wp\/v2\/users\/3"}],"replies":[{"embeddable":true,"href":"https:\/\/diariodominicano.com\/index.php?rest_route=%2Fwp%2Fv2%2Fcomments&post=252517"}],"version-history":[{"count":0,"href":"https:\/\/diariodominicano.com\/index.php?rest_route=\/wp\/v2\/posts\/252517\/revisions"}],"wp:attachment":[{"href":"https:\/\/diariodominicano.com\/index.php?rest_route=%2Fwp%2Fv2%2Fmedia&parent=252517"}],"wp:term":[{"taxonomy":"category","embeddable":true,"href":"https:\/\/diariodominicano.com\/index.php?rest_route=%2Fwp%2Fv2%2Fcategories&post=252517"},{"taxonomy":"post_tag","embeddable":true,"href":"https:\/\/diariodominicano.com\/index.php?rest_route=%2Fwp%2Fv2%2Ftags&post=252517"}],"curies":[{"name":"wp","href":"https:\/\/api.w.org\/{rel}","templated":true}]}}