{"id":252516,"date":"2015-11-10T12:47:27","date_gmt":"2015-11-10T12:47:27","guid":{"rendered":"http:\/\/diariodominicano.ddns.net\/?p=252516"},"modified":"2015-11-10T12:47:27","modified_gmt":"2015-11-10T12:47:27","slug":"inmigrantes-esperan-apelacion-de-obama-a-corte-suprema","status":"publish","type":"post","link":"https:\/\/diariodominicano.com\/?p=252516","title":{"rendered":"Inmigrantes esperan apelaci\u00f3n de Obama a Corte Suprema\t &#13;"},"content":{"rendered":"<p><body><\/p>\n<p><span class=\"text1noticias\">Washington, 10 nov (PL) Millones de inmigrantes esperan hoy que el presidente estadounidense, Barack Obama, apele ante el Tribunal Supremo una decisi\u00f3n de una corte federal que bloque\u00f3 una iniciativa que condena a cerca de cinco millones de personas a la deportaci\u00f3n.<\/span><\/p>\n<\/p>\n<p><span class=\"text1noticias\">El lunes la Corte de Apelaciones del Quinto Circuito con sede en Nueva Orleans respald\u00f3 un mandato de un juez de Texas que bloque\u00f3 un plan de la Casa Blanca para proteger de la deportaci\u00f3n a cinco millones de personas.<\/span><\/p>\n<\/p>\n<p><span class=\"text1noticias\">El tribunal reafirm\u00f3 una decisi\u00f3n de los magistrados de Texas que prohibi\u00f3 la implementaci\u00f3n de los programas de Acci\u00f3n Administratriva (DACA y DAPA) anunciados hace un a\u00f1o por Obama que entre otras cosas expand\u00eda un programa que protege a los inmigrantes j\u00f3venes de la deportaci\u00f3n si fueron tra\u00eddos al pa\u00eds sin permiso cuando eran ni\u00f1os.<\/span><\/p>\n<\/p>\n<p><span class=\"text1noticias\">La iniciativa del gobernante extender\u00eda, adem\u00e1s, la protecci\u00f3n de deportaci\u00f3n a los padres de ciudadanos estadounidenses y residentes permanentes que est\u00e1n en el pa\u00eds durante a\u00f1os.<\/span><\/p>\n<\/p>\n<p><span class=\"text1noticias\">Activistas y organizaciones comunitarias esperaban esa decisi\u00f3n y creen que esta abre el camino para que el gobierno remita el caso a la Corte Suprema en busca de un ambiente m\u00e1s favorable en momentos en que el asunto es punto de fricci\u00f3n entre republicanos y dem\u00f3cratas en la campa\u00f1a electoral de 2016.<\/span><\/p>\n<\/p>\n<p><span class=\"text1noticias\">Congresistas republicanos y grupos conservadores elogiaron el fallo y se pronunciaron por mayores restricciones, seg\u00fan comenta el diario californiano La Opinion, regi\u00f3n donde viven cerca de seis millones de indocumentados.<\/span><\/p>\n<\/p>\n<p><span class=\"text1noticias\">Grupos como Fair Immigration Reform Movement estiman que el resultado es solo \u00abuna derrota para nuestras familias\u00bb y aseguran que mantendr\u00e1n las presiones hasta llegar al m\u00e1ximo tribunal del pa\u00eds.<\/span><\/p>\n<\/p>\n<p><span class=\"text1noticias\">Los procedimientos para alcanzar ese foro judicial pueden tomar meses y dif\u00edcilmente se resuelvan antes de que Obama abandone la Casa Blanca en 2017, aunque su probable sucesora, Hillary Clinton, manifest\u00f3 que cimentar\u00e1 el legado de esta administraci\u00f3n, y en especial empe\u00f1ar\u00e1 capital pol\u00edtico en una reforma migratoria integral.<\/span><\/p>\n<\/p>\n<p><span class=\"text1noticias\">Greisa Mart\u00ednez, coordinadora de defensa de United We Dream, la organizaci\u00f3n de \u00abdreamers\u00bb m\u00e1s grande del pa\u00eds, sostuvo que el fallo no extra\u00f1a a los activistas y es vergonzoso que los pol\u00edticos republicanos contin\u00faen jugando con la vida de millones de personas.<\/span><\/p>\n<\/p>\n<p><span class=\"text1noticias\">Aunque el fallo es considerado una derrota para el gobierno de Obama, que luch\u00f3 sin \u00e9xito desde enero para revocar la decisi\u00f3n del juez de Texas, la situaci\u00f3n puede revertirse contra los republicanos cuando millones de latinos concurran a las urnas, donde pudieran expresar su desacuerdo.<\/span><\/p>\n<\/p>\n<p><span class=\"text1noticias\">Si el Supremo toma el caso en sus manos y act\u00faa sin la demora del Quinto Distrito, la sentencia podr\u00eda llegar tan tarde como en junio de 2016.<\/span><\/p>\n<\/p>\n<p><span class=\"text1noticias\">La decisi\u00f3n dividida del panel mostr\u00f3 la polarizaci\u00f3n del tema, los jueces Jerry Smith y Jennifer Elrod, que votaron en contra del gobierno fueron nombrados por presidentes republicanos, mientras que la magistrada Carolyn King, que apoy\u00f3 a Obama, fue nombrada por el dem\u00f3crata Jimmy Carter.<\/span><\/p>\n<h6> 2015-11-10 12:47:27 <\/h6>\n<p><!--\n<link rel=\"stylesheet\" href=\"css\/bootstrap.min.css\">\n\n\n<ul class=\"pagination\">\n\t    \n\t\n\n<li >\n\t<a href='?page_no=22160'>Previous<\/a>\n\t<\/li>\n\n\n       \n    \n\n<li><a href='?page_no=1'>1<\/a><\/li>\n\n\n\n<li><a href='?page_no=2'>2<\/a><\/li>\n\n\n\n<li><a>...<\/a><\/li>\n\n\n\n<li><a href='?page_no=22159'>22159<\/a><\/li>\n\n\n\n<li><a href='?page_no=22160'>22160<\/a><\/li>\n\n\n\n<li class='active'><a>22161<\/a><\/li>\n\n\n\n<li><a href='?page_no=22162'>22162<\/a><\/li>\n\n\n\n<li><a href='?page_no=22163'>22163<\/a><\/li>\n\n\n\n<li><a>...<\/a><\/li>\n\n\n\n<li><a href='?page_no=51012'>51012<\/a><\/li>\n\n\n\n<li><a href='?page_no=51013'>51013<\/a><\/li>\n\n    \n\t\n\n<li >\n\t<a href='?page_no=22162'>Next<\/a>\n\t<\/li>\n\n\n    \n\n<li><a href='?page_no=51013'>Last &rsaquo;&rsaquo;<\/a><\/li>\n\n<\/ul>\n\n\n--><br \/>\n<\/body><\/p>\n","protected":false},"excerpt":{"rendered":"<p>Washington, 10 nov (PL) Millones de inmigrantes esperan hoy que el presidente estadounidense, Barack Obama, apele ante el Tribunal Supremo una decisi\u00f3n de una corte federal que bloque\u00f3 una iniciativa que condena a cerca de cinco millones de personas a la deportaci\u00f3n. El lunes la Corte de Apelaciones del Quinto Circuito con sede en Nueva [&hellip;]<\/p>\n","protected":false},"author":3,"featured_media":0,"comment_status":"open","ping_status":"open","sticky":false,"template":"","format":"standard","meta":{"footnotes":""},"categories":[23],"tags":[],"class_list":["post-252516","post","type-post","status-publish","format-standard","hentry","category-internacional"],"_links":{"self":[{"href":"https:\/\/diariodominicano.com\/index.php?rest_route=\/wp\/v2\/posts\/252516","targetHints":{"allow":["GET"]}}],"collection":[{"href":"https:\/\/diariodominicano.com\/index.php?rest_route=\/wp\/v2\/posts"}],"about":[{"href":"https:\/\/diariodominicano.com\/index.php?rest_route=\/wp\/v2\/types\/post"}],"author":[{"embeddable":true,"href":"https:\/\/diariodominicano.com\/index.php?rest_route=\/wp\/v2\/users\/3"}],"replies":[{"embeddable":true,"href":"https:\/\/diariodominicano.com\/index.php?rest_route=%2Fwp%2Fv2%2Fcomments&post=252516"}],"version-history":[{"count":0,"href":"https:\/\/diariodominicano.com\/index.php?rest_route=\/wp\/v2\/posts\/252516\/revisions"}],"wp:attachment":[{"href":"https:\/\/diariodominicano.com\/index.php?rest_route=%2Fwp%2Fv2%2Fmedia&parent=252516"}],"wp:term":[{"taxonomy":"category","embeddable":true,"href":"https:\/\/diariodominicano.com\/index.php?rest_route=%2Fwp%2Fv2%2Fcategories&post=252516"},{"taxonomy":"post_tag","embeddable":true,"href":"https:\/\/diariodominicano.com\/index.php?rest_route=%2Fwp%2Fv2%2Ftags&post=252516"}],"curies":[{"name":"wp","href":"https:\/\/api.w.org\/{rel}","templated":true}]}}