{"id":252515,"date":"2015-11-10T12:52:16","date_gmt":"2015-11-10T12:52:16","guid":{"rendered":"http:\/\/diariodominicano.ddns.net\/?p=252515"},"modified":"2015-11-10T12:52:16","modified_gmt":"2015-11-10T12:52:16","slug":"se-reune-canciller-colombiana-con-ban-ki-moon-en-riad","status":"publish","type":"post","link":"https:\/\/diariodominicano.com\/?p=252515","title":{"rendered":"Se re\u00fane canciller colombiana con Ban Ki -moon en Riad"},"content":{"rendered":"<p><body><\/p>\n<p><img decoding=\"async\" src=\"img3\/holguin.jpg\" \/>  <\/p>\n<\/p>\n<p>Riad, 10 nov (PL) La Canciller de Colombia, \u00c1ngela Mar\u00eda Holgu\u00edn, se reuni\u00f3 hoy en la capital de Arabia Saudita con el Secretario General de la ONU, Ban Ki-moon, previo a la IV Cumbre Am\u00e9rica del Sur-Pa\u00edses \u00c1rabes (ASPA).<\/p>\n<\/p>\n<p>Voceros de la delegaci\u00f3n que acompa\u00f1a a la ministra del Exterior de la naci\u00f3n andina, dijeron que ambas partes revisaron los avances registrados en el proceso de paz de Colombia y temas relativos a la Cumbre COP21, sobre el Cambio Clim\u00e1tico, que se realizar\u00e1 en las pr\u00f3ximas semanas en Par\u00eds.<\/p>\n<\/p>\n<p>Antes de llegar a la sede de la cita de la ASPA, Holgu\u00edn realiz\u00f3 una visita oficial a Argelia, donde se entrevist\u00f3 con el presidente Abdelaziz Bouteflika, el primer ministro, Abdelmalek Sellal y el canciller Ramtan Lamamra.<\/p>\n<\/p>\n<p>Tambi\u00e9n en Argel sostuvo un encuentro con los 10 embajadores colombianos en \u00c1frica y el Medio Oriente, con quienes hizo un repaso sobre la marcha actual de los nexos de Bogot\u00e1 con naciones de la regi\u00f3n.<\/p>\n<h6> 2015-11-10 12:52:16 <\/h6>\n<p><!--\n<link rel=\"stylesheet\" href=\"css\/bootstrap.min.css\">\n\n\n<ul class=\"pagination\">\n\t    \n\t\n\n<li >\n\t<a href='?page_no=22159'>Previous<\/a>\n\t<\/li>\n\n\n       \n    \n\n<li><a href='?page_no=1'>1<\/a><\/li>\n\n\n\n<li><a href='?page_no=2'>2<\/a><\/li>\n\n\n\n<li><a>...<\/a><\/li>\n\n\n\n<li><a href='?page_no=22158'>22158<\/a><\/li>\n\n\n\n<li><a href='?page_no=22159'>22159<\/a><\/li>\n\n\n\n<li class='active'><a>22160<\/a><\/li>\n\n\n\n<li><a href='?page_no=22161'>22161<\/a><\/li>\n\n\n\n<li><a href='?page_no=22162'>22162<\/a><\/li>\n\n\n\n<li><a>...<\/a><\/li>\n\n\n\n<li><a href='?page_no=51012'>51012<\/a><\/li>\n\n\n\n<li><a href='?page_no=51013'>51013<\/a><\/li>\n\n    \n\t\n\n<li >\n\t<a href='?page_no=22161'>Next<\/a>\n\t<\/li>\n\n\n    \n\n<li><a href='?page_no=51013'>Last &rsaquo;&rsaquo;<\/a><\/li>\n\n<\/ul>\n\n\n--><br \/>\n<\/body><\/p>\n","protected":false},"excerpt":{"rendered":"<p>Riad, 10 nov (PL) La Canciller de Colombia, \u00c1ngela Mar\u00eda Holgu\u00edn, se reuni\u00f3 hoy en la capital de Arabia Saudita con el Secretario General de la ONU, Ban Ki-moon, previo a la IV Cumbre Am\u00e9rica del Sur-Pa\u00edses \u00c1rabes (ASPA). Voceros de la delegaci\u00f3n que acompa\u00f1a a la ministra del Exterior de la naci\u00f3n andina, dijeron [&hellip;]<\/p>\n","protected":false},"author":3,"featured_media":0,"comment_status":"open","ping_status":"open","sticky":false,"template":"","format":"standard","meta":{"footnotes":""},"categories":[23],"tags":[],"class_list":["post-252515","post","type-post","status-publish","format-standard","hentry","category-internacional"],"_links":{"self":[{"href":"https:\/\/diariodominicano.com\/index.php?rest_route=\/wp\/v2\/posts\/252515","targetHints":{"allow":["GET"]}}],"collection":[{"href":"https:\/\/diariodominicano.com\/index.php?rest_route=\/wp\/v2\/posts"}],"about":[{"href":"https:\/\/diariodominicano.com\/index.php?rest_route=\/wp\/v2\/types\/post"}],"author":[{"embeddable":true,"href":"https:\/\/diariodominicano.com\/index.php?rest_route=\/wp\/v2\/users\/3"}],"replies":[{"embeddable":true,"href":"https:\/\/diariodominicano.com\/index.php?rest_route=%2Fwp%2Fv2%2Fcomments&post=252515"}],"version-history":[{"count":0,"href":"https:\/\/diariodominicano.com\/index.php?rest_route=\/wp\/v2\/posts\/252515\/revisions"}],"wp:attachment":[{"href":"https:\/\/diariodominicano.com\/index.php?rest_route=%2Fwp%2Fv2%2Fmedia&parent=252515"}],"wp:term":[{"taxonomy":"category","embeddable":true,"href":"https:\/\/diariodominicano.com\/index.php?rest_route=%2Fwp%2Fv2%2Fcategories&post=252515"},{"taxonomy":"post_tag","embeddable":true,"href":"https:\/\/diariodominicano.com\/index.php?rest_route=%2Fwp%2Fv2%2Ftags&post=252515"}],"curies":[{"name":"wp","href":"https:\/\/api.w.org\/{rel}","templated":true}]}}