{"id":252512,"date":"2015-11-10T20:58:42","date_gmt":"2015-11-10T20:58:42","guid":{"rendered":"http:\/\/diariodominicano.ddns.net\/?p=252512"},"modified":"2015-11-10T20:58:42","modified_gmt":"2015-11-10T20:58:42","slug":"costo-de-refugiados-en-2015-llegara-a-21-100-millones-de-euros","status":"publish","type":"post","link":"https:\/\/diariodominicano.com\/?p=252512","title":{"rendered":"Costo de refugiados en 2015 llegar\u00e1 a 21.100 millones de euros"},"content":{"rendered":"<p><body><\/p>\n<p><img decoding=\"async\" src=\"img3\/Inmigrante.jpg\" \/>  <\/p>\n<p><span class=\"text1noticias\">MUNICH, 11 nov (Xinhua) &#8212; El instituto Ifo inform\u00f3 hoy que elev\u00f3 sus c\u00e1lculos sobre el gasto del gobierno alem\u00e1n en los refugiados a 21.100 millones de euros (22.580 millones de d\u00f3lares), partiendo de la base de que 1,1 millones de personas llegar\u00e1n a Alemania para fines de este a\u00f1o.<\/span><\/p>\n<p><span class=\"text1noticias\"> <\/span><\/p>\n<p><span class=\"text1noticias\">\u00abEsta cifra incluye alojamiento, alimentos, guarder\u00edas, escuelas, cursos de alem\u00e1n, capacitaci\u00f3n y administraci\u00f3n\u00bb, dijo Gabriel Felbermayr, analista de Ifo.<\/span><\/p>\n<p><span class=\"text1noticias\"> <\/span><\/p>\n<p><span class=\"text1noticias\">El grupo de expertos con sede en Munich calcul\u00f3 con anterioridad en 10.000 millones de euros los costos para los primeros 12 meses, apenas para cubrir el alojamiento y los alimentos para 800.000 personas.<\/span><\/p>\n<p><span class=\"text1noticias\"> <\/span><\/p>\n<p><span class=\"text1noticias\">\u00abLas claves para los costos y la integraci\u00f3n son la preparaci\u00f3n y el mercado laboral\u00bb, se\u00f1al\u00f3 Felbermayr, quien a\u00f1adi\u00f3 que muchos refugiados est\u00e1n poco educados.<\/span><\/p>\n<p><span class=\"text1noticias\"> <\/span><\/p>\n<p><span class=\"text1noticias\">De acuerdo con Ifo, los refugiados deben trabajar de inmediato y asistir a las clases de idioma alem\u00e1n al mismo tiempo.<\/span><\/p>\n<p><span class=\"text1noticias\"> <\/span><\/p>\n<p><span class=\"text1noticias\">Adem\u00e1s, Ifo tambi\u00e9n pidi\u00f3 la total abolici\u00f3n del salario m\u00ednimo en Alemania, no s\u00f3lo para los refugiados, sino tambi\u00e9n para todos los trabajadores j\u00f3venes sin preparaci\u00f3n, porque muchas compa\u00f1\u00edas consideran al salario m\u00ednimo una importante restricci\u00f3n.<\/span><\/p>\n<p><span class=\"text1noticias\"> <\/span><\/p>\n<p><span class=\"text1noticias\">Ifo es un destacado instituto de investigaci\u00f3n europeo. Su \u00edndice de clima para los negocios es considerado uno de los m\u00e1s importantes bar\u00f3metros de la econom\u00eda al<\/span>emana.<\/p>\n<h6> 2015-11-10 20:58:42 <\/h6>\n<p><!--\n<link rel=\"stylesheet\" href=\"css\/bootstrap.min.css\">\n\n\n<ul class=\"pagination\">\n\t    \n\t\n\n<li >\n\t<a href='?page_no=22156'>Previous<\/a>\n\t<\/li>\n\n\n       \n    \n\n<li><a href='?page_no=1'>1<\/a><\/li>\n\n\n\n<li><a href='?page_no=2'>2<\/a><\/li>\n\n\n\n<li><a>...<\/a><\/li>\n\n\n\n<li><a href='?page_no=22155'>22155<\/a><\/li>\n\n\n\n<li><a href='?page_no=22156'>22156<\/a><\/li>\n\n\n\n<li class='active'><a>22157<\/a><\/li>\n\n\n\n<li><a href='?page_no=22158'>22158<\/a><\/li>\n\n\n\n<li><a href='?page_no=22159'>22159<\/a><\/li>\n\n\n\n<li><a>...<\/a><\/li>\n\n\n\n<li><a href='?page_no=51012'>51012<\/a><\/li>\n\n\n\n<li><a href='?page_no=51013'>51013<\/a><\/li>\n\n    \n\t\n\n<li >\n\t<a href='?page_no=22158'>Next<\/a>\n\t<\/li>\n\n\n    \n\n<li><a href='?page_no=51013'>Last &rsaquo;&rsaquo;<\/a><\/li>\n\n<\/ul>\n\n\n--><br \/>\n<\/body><\/p>\n","protected":false},"excerpt":{"rendered":"<p>MUNICH, 11 nov (Xinhua) &#8212; El instituto Ifo inform\u00f3 hoy que elev\u00f3 sus c\u00e1lculos sobre el gasto del gobierno alem\u00e1n en los refugiados a 21.100 millones de euros (22.580 millones de d\u00f3lares), partiendo de la base de que 1,1 millones de personas llegar\u00e1n a Alemania para fines de este a\u00f1o. \u00abEsta cifra incluye alojamiento, alimentos, [&hellip;]<\/p>\n","protected":false},"author":3,"featured_media":0,"comment_status":"open","ping_status":"open","sticky":false,"template":"","format":"standard","meta":{"footnotes":""},"categories":[23],"tags":[],"class_list":["post-252512","post","type-post","status-publish","format-standard","hentry","category-internacional"],"_links":{"self":[{"href":"https:\/\/diariodominicano.com\/index.php?rest_route=\/wp\/v2\/posts\/252512","targetHints":{"allow":["GET"]}}],"collection":[{"href":"https:\/\/diariodominicano.com\/index.php?rest_route=\/wp\/v2\/posts"}],"about":[{"href":"https:\/\/diariodominicano.com\/index.php?rest_route=\/wp\/v2\/types\/post"}],"author":[{"embeddable":true,"href":"https:\/\/diariodominicano.com\/index.php?rest_route=\/wp\/v2\/users\/3"}],"replies":[{"embeddable":true,"href":"https:\/\/diariodominicano.com\/index.php?rest_route=%2Fwp%2Fv2%2Fcomments&post=252512"}],"version-history":[{"count":0,"href":"https:\/\/diariodominicano.com\/index.php?rest_route=\/wp\/v2\/posts\/252512\/revisions"}],"wp:attachment":[{"href":"https:\/\/diariodominicano.com\/index.php?rest_route=%2Fwp%2Fv2%2Fmedia&parent=252512"}],"wp:term":[{"taxonomy":"category","embeddable":true,"href":"https:\/\/diariodominicano.com\/index.php?rest_route=%2Fwp%2Fv2%2Fcategories&post=252512"},{"taxonomy":"post_tag","embeddable":true,"href":"https:\/\/diariodominicano.com\/index.php?rest_route=%2Fwp%2Fv2%2Ftags&post=252512"}],"curies":[{"name":"wp","href":"https:\/\/api.w.org\/{rel}","templated":true}]}}