{"id":252510,"date":"2015-11-11T08:51:50","date_gmt":"2015-11-11T08:51:50","guid":{"rendered":"http:\/\/diariodominicano.ddns.net\/?p=252510"},"modified":"2015-11-11T08:51:50","modified_gmt":"2015-11-11T08:51:50","slug":"medida-forzaria-a-los-convictos-por-fraude-a-restituir-dinero","status":"publish","type":"post","link":"https:\/\/diariodominicano.com\/?p=252510","title":{"rendered":"Medida forzar\u00eda a los convictos por fraude a restituir dinero"},"content":{"rendered":"<p><body><\/p>\n<p><img decoding=\"async\" src=\"img3\/natal.jpg\" \/>  <\/p>\n<p><strong>SAN JUAN, Puerto Rico, 11 de Octubre de 2015.<\/strong><\/p>\n<p>Por ELNUEVODIA.COM<\/p>\n<\/p>\n<p>El proyecto es de la autor\u00eda de Manuel Natal. (GFR Media)<\/p>\n<p>El representante Manuel Natal Albelo inform\u00f3 hoy que radic\u00f3 un proyecto de ley que obligar\u00eda a los convictos de delitos de fraude, corrupci\u00f3n y cualquier otro delito contra el erario devolver los fondos p\u00fablicos que sus acciones provocaron que se perdieran, m\u00e1s los intereses que esta suma haya generado a trav\u00e9s del tiempo. <\/p>\n<\/p>\n<p>El proyecto tambi\u00e9n ampl\u00eda los poderes investigativos del gobierno para esclarecer estos delitos, y elimina m\u00faltiples inmunidades ofrecidas autom\u00e1ticamente a ciertos funcionarios p\u00fablicos por sus actos, seg\u00fan detall\u00f3 en comunicado de prensa.<\/p>\n<\/p>\n<p>\u00abPuerto Rico ha sufrido m\u00faltiples transgresiones a manos de funcionarios p\u00fablicos que abusaron del poder gubernamental y la confianza depositada en ellos. A pesar de la acumulaci\u00f3n de faltas, las correcciones han sido \u00ednfimas en los pocos casos en que se procede contra delitos p\u00fablicos\u00bb, indic\u00f3 Natal Albelo.<\/p>\n<\/p>\n<p>La restituci\u00f3n de fondos que se impone es con intereses y se hace obligatoria dejando fuera de la discreci\u00f3n de los jueces la imposici\u00f3n de esta pena. Sin embargo, el legislador no aclar\u00f3 cu\u00e1l base se utilizar\u00e1 para calcular esos intereses.<\/p>\n<\/p>\n<p>La propuesta legislaci\u00f3n tambi\u00e9n enmienda varias leyes en las que, a trav\u00e9s de los a\u00f1os, el gobierno se ha otorgado inmunidades autom\u00e1ticas en procesos investigativos de corrupci\u00f3n y manejo de las finanzas p\u00fablicas.<\/p>\n<\/p>\n<p>Asimismo, la propuesta del soberanista ampl\u00eda las facultades investigativas de la Oficina del Contralor para expedir citaciones, so pena de desacato, a personas de inter\u00e9s en investigaciones realizadas por su oficina. El contralor, a su vez, vendr\u00eda obligado a publicar los nombres de los funcionarios p\u00fablicos y actores privados se\u00f1alados en sus informes, conforme a lo establecido en el \u00ablibro amarillo\u00bb de la Oficina del Contralor General de los Estados Unidos. Esta pr\u00e1ctica fue descontinuada en Puerto Rico a finales de la segunda administraci\u00f3n del exgobernador Pedro Rossell\u00f3 Gonz\u00e1lez.<\/p>\n<\/p>\n<p>\u00abRealizamos estas enmiendas con la esperanza de que ser\u00e1n utilizadas adecuadamente en la consecuci\u00f3n de mayor transparencia en la funci\u00f3n gubernamental y p\u00fablica\u00bb, se\u00f1al\u00f3 el representante.<\/p>\n<\/p>\n<p>Por \u00faltimo, el ciale\u00f1o coment\u00f3 que \u00abnada en esta legislaci\u00f3n impedir\u00e1 que el Ministerio P\u00fablico, en el ejercicio de su discreci\u00f3n para la consecuci\u00f3n m\u00e1xima de la justicia p\u00fablica, negocie inmunidad penal a cambio de testimonio autoincriminatorio\u00bb.<\/p>\n<\/p>\n<h6> 2015-11-11 08:51:50 <\/h6>\n<p><!--\n<link rel=\"stylesheet\" href=\"css\/bootstrap.min.css\">\n\n\n<ul class=\"pagination\">\n\t    \n\t\n\n<li >\n\t<a href='?page_no=22154'>Previous<\/a>\n\t<\/li>\n\n\n       \n    \n\n<li><a href='?page_no=1'>1<\/a><\/li>\n\n\n\n<li><a href='?page_no=2'>2<\/a><\/li>\n\n\n\n<li><a>...<\/a><\/li>\n\n\n\n<li><a href='?page_no=22153'>22153<\/a><\/li>\n\n\n\n<li><a href='?page_no=22154'>22154<\/a><\/li>\n\n\n\n<li class='active'><a>22155<\/a><\/li>\n\n\n\n<li><a href='?page_no=22156'>22156<\/a><\/li>\n\n\n\n<li><a href='?page_no=22157'>22157<\/a><\/li>\n\n\n\n<li><a>...<\/a><\/li>\n\n\n\n<li><a href='?page_no=51012'>51012<\/a><\/li>\n\n\n\n<li><a href='?page_no=51013'>51013<\/a><\/li>\n\n    \n\t\n\n<li >\n\t<a href='?page_no=22156'>Next<\/a>\n\t<\/li>\n\n\n    \n\n<li><a href='?page_no=51013'>Last &rsaquo;&rsaquo;<\/a><\/li>\n\n<\/ul>\n\n\n--><br \/>\n<\/body><\/p>\n","protected":false},"excerpt":{"rendered":"<p>SAN JUAN, Puerto Rico, 11 de Octubre de 2015. Por ELNUEVODIA.COM El proyecto es de la autor\u00eda de Manuel Natal. (GFR Media) El representante Manuel Natal Albelo inform\u00f3 hoy que radic\u00f3 un proyecto de ley que obligar\u00eda a los convictos de delitos de fraude, corrupci\u00f3n y cualquier otro delito contra el erario devolver los fondos [&hellip;]<\/p>\n","protected":false},"author":3,"featured_media":0,"comment_status":"open","ping_status":"open","sticky":false,"template":"","format":"standard","meta":{"footnotes":""},"categories":[23],"tags":[],"class_list":["post-252510","post","type-post","status-publish","format-standard","hentry","category-internacional"],"_links":{"self":[{"href":"https:\/\/diariodominicano.com\/index.php?rest_route=\/wp\/v2\/posts\/252510","targetHints":{"allow":["GET"]}}],"collection":[{"href":"https:\/\/diariodominicano.com\/index.php?rest_route=\/wp\/v2\/posts"}],"about":[{"href":"https:\/\/diariodominicano.com\/index.php?rest_route=\/wp\/v2\/types\/post"}],"author":[{"embeddable":true,"href":"https:\/\/diariodominicano.com\/index.php?rest_route=\/wp\/v2\/users\/3"}],"replies":[{"embeddable":true,"href":"https:\/\/diariodominicano.com\/index.php?rest_route=%2Fwp%2Fv2%2Fcomments&post=252510"}],"version-history":[{"count":0,"href":"https:\/\/diariodominicano.com\/index.php?rest_route=\/wp\/v2\/posts\/252510\/revisions"}],"wp:attachment":[{"href":"https:\/\/diariodominicano.com\/index.php?rest_route=%2Fwp%2Fv2%2Fmedia&parent=252510"}],"wp:term":[{"taxonomy":"category","embeddable":true,"href":"https:\/\/diariodominicano.com\/index.php?rest_route=%2Fwp%2Fv2%2Fcategories&post=252510"},{"taxonomy":"post_tag","embeddable":true,"href":"https:\/\/diariodominicano.com\/index.php?rest_route=%2Fwp%2Fv2%2Ftags&post=252510"}],"curies":[{"name":"wp","href":"https:\/\/api.w.org\/{rel}","templated":true}]}}