{"id":252507,"date":"2015-11-11T12:24:47","date_gmt":"2015-11-11T12:24:47","guid":{"rendered":"http:\/\/diariodominicano.ddns.net\/?p=252507"},"modified":"2015-11-11T12:24:47","modified_gmt":"2015-11-11T12:24:47","slug":"vaticano-investiga-divulgacion-de-documento-confidencial","status":"publish","type":"post","link":"https:\/\/diariodominicano.com\/?p=252507","title":{"rendered":"&#13;Vaticano investiga divulgaci\u00f3n de documento confidencial"},"content":{"rendered":"<p><body><\/p>\n<p><img decoding=\"async\" src=\"img3\/vaticano.jpg\" \/>  <\/p>\n<p><span class=\"text1noticias\">  <\/span><\/p>\n<p><span class=\"text1noticias\">Roma, 11 nov (PL) El Vaticano comunic\u00f3 hoy que investiga la divulgaci\u00f3n no autorizada de un documento confidencial relacionado con el funcionamiento de la Administraci\u00f3n del Patrimonio de la Sede Apost\u00f3lica (APSA).<\/span><\/p>\n<\/p>\n<p><span class=\"text1noticias\">En un comunicado, la alta direcci\u00f3n de la Iglesia Cat\u00f3lica se\u00f1al\u00f3 que recientemente medios de prensa publicaron art\u00edculos donde refieren \u00abparcial e imprecisamente\u00bb el contenido del archivo para argumentar la supuesta utilizaci\u00f3n de la APSA en actividades financieras il\u00edcitas.<\/span><\/p>\n<\/p>\n<p><span class=\"text1noticias\">La Santa Sede anunci\u00f3 el inicio de indagaciones sobre la filtraci\u00f3n del documento y aclar\u00f3 que la entidad en cuesti\u00f3n no ser\u00e1 investigada.<\/span><\/p>\n<\/p>\n<p><span class=\"text1noticias\">\u00abLa APSA siempre ha colaborado con los \u00f3rganos competentes, no est\u00e1 bajo investigaci\u00f3n y sigue desempe\u00f1ando la propia actividad con el respeto de la normativa vigente\u00bb, precisa el texto.<\/span><\/p>\n<\/p>\n<p><span class=\"text1noticias\">En un caso similar, el Vaticano inform\u00f3 a inicios de este mes el arresto dos miembros de la comisi\u00f3n para la reforma econ\u00f3mico-administrativa de la Curia Romana por la difusi\u00f3n sin consentimiento de informaci\u00f3n confidencial.<\/span><\/p>\n<\/p>\n<p><span class=\"text1noticias\">Dichos documentos fueron empleados en dos libros sobre supuestos secretos y esc\u00e1ndalos de la Santa Sede, publicados la semana pasada.<\/span><\/p>\n<\/p>\n<p><span class=\"text1noticias\">Tras lo sucedido, la Iglesia aclar\u00f3 que los datos contenidos en los textos filtrados se obtuvieron como parte de las transformaciones impulsadas por el Papa Francisco quien el domingo reiter\u00f3 que \u00e9l mismo solicit\u00f3 la realizaci\u00f3n de ese estudio.<\/span><\/p>\n<\/p>\n<p><span class=\"text1noticias\">\u00abMis colaboradores y yo conoc\u00edamos bien aquellos documentos y se tomaron algunas medidas que comenzaron a dar frutos, incluso algunos visibles\u00bb, afirm\u00f3.<\/span><\/p>\n<\/p>\n<p><span class=\"text1noticias\">\u00abQuiero asegurarles que este triste hecho no me desv\u00eda del trabajo de reforma que llevo adelante con mis colaboradores y con el apoyo de todos ustedes\u00bb, a\u00f1adi\u00f3 al dirigirse a miles de fieles congregados en la Plaza San Pedro.<\/span><\/p>\n<h6> 2015-11-11 12:24:47 <\/h6>\n<p><!--\n<link rel=\"stylesheet\" href=\"css\/bootstrap.min.css\">\n\n\n<ul class=\"pagination\">\n\t    \n\t\n\n<li >\n\t<a href='?page_no=22151'>Previous<\/a>\n\t<\/li>\n\n\n       \n    \n\n<li><a href='?page_no=1'>1<\/a><\/li>\n\n\n\n<li><a href='?page_no=2'>2<\/a><\/li>\n\n\n\n<li><a>...<\/a><\/li>\n\n\n\n<li><a href='?page_no=22150'>22150<\/a><\/li>\n\n\n\n<li><a href='?page_no=22151'>22151<\/a><\/li>\n\n\n\n<li class='active'><a>22152<\/a><\/li>\n\n\n\n<li><a href='?page_no=22153'>22153<\/a><\/li>\n\n\n\n<li><a href='?page_no=22154'>22154<\/a><\/li>\n\n\n\n<li><a>...<\/a><\/li>\n\n\n\n<li><a href='?page_no=51012'>51012<\/a><\/li>\n\n\n\n<li><a href='?page_no=51013'>51013<\/a><\/li>\n\n    \n\t\n\n<li >\n\t<a href='?page_no=22153'>Next<\/a>\n\t<\/li>\n\n\n    \n\n<li><a href='?page_no=51013'>Last &rsaquo;&rsaquo;<\/a><\/li>\n\n<\/ul>\n\n\n--><br \/>\n<\/body><\/p>\n","protected":false},"excerpt":{"rendered":"<p>Roma, 11 nov (PL) El Vaticano comunic\u00f3 hoy que investiga la divulgaci\u00f3n no autorizada de un documento confidencial relacionado con el funcionamiento de la Administraci\u00f3n del Patrimonio de la Sede Apost\u00f3lica (APSA). En un comunicado, la alta direcci\u00f3n de la Iglesia Cat\u00f3lica se\u00f1al\u00f3 que recientemente medios de prensa publicaron art\u00edculos donde refieren \u00abparcial e imprecisamente\u00bb [&hellip;]<\/p>\n","protected":false},"author":3,"featured_media":0,"comment_status":"open","ping_status":"open","sticky":false,"template":"","format":"standard","meta":{"footnotes":""},"categories":[23],"tags":[],"class_list":["post-252507","post","type-post","status-publish","format-standard","hentry","category-internacional"],"_links":{"self":[{"href":"https:\/\/diariodominicano.com\/index.php?rest_route=\/wp\/v2\/posts\/252507","targetHints":{"allow":["GET"]}}],"collection":[{"href":"https:\/\/diariodominicano.com\/index.php?rest_route=\/wp\/v2\/posts"}],"about":[{"href":"https:\/\/diariodominicano.com\/index.php?rest_route=\/wp\/v2\/types\/post"}],"author":[{"embeddable":true,"href":"https:\/\/diariodominicano.com\/index.php?rest_route=\/wp\/v2\/users\/3"}],"replies":[{"embeddable":true,"href":"https:\/\/diariodominicano.com\/index.php?rest_route=%2Fwp%2Fv2%2Fcomments&post=252507"}],"version-history":[{"count":0,"href":"https:\/\/diariodominicano.com\/index.php?rest_route=\/wp\/v2\/posts\/252507\/revisions"}],"wp:attachment":[{"href":"https:\/\/diariodominicano.com\/index.php?rest_route=%2Fwp%2Fv2%2Fmedia&parent=252507"}],"wp:term":[{"taxonomy":"category","embeddable":true,"href":"https:\/\/diariodominicano.com\/index.php?rest_route=%2Fwp%2Fv2%2Fcategories&post=252507"},{"taxonomy":"post_tag","embeddable":true,"href":"https:\/\/diariodominicano.com\/index.php?rest_route=%2Fwp%2Fv2%2Ftags&post=252507"}],"curies":[{"name":"wp","href":"https:\/\/api.w.org\/{rel}","templated":true}]}}