{"id":252506,"date":"2015-11-11T12:29:31","date_gmt":"2015-11-11T12:29:31","guid":{"rendered":"http:\/\/diariodominicano.ddns.net\/?p=252506"},"modified":"2015-11-11T12:29:31","modified_gmt":"2015-11-11T12:29:31","slug":"aumenta-apoyo-de-colombianos-a-dialogos-de-paz-gobierno-insurgencia","status":"publish","type":"post","link":"https:\/\/diariodominicano.com\/?p=252506","title":{"rendered":"Aumenta apoyo de colombianos a di\u00e1logos de paz Gobierno-insurgencia"},"content":{"rendered":"<p><body><\/p>\n<p><img decoding=\"async\" src=\"img3\/colombia-paz.jpg\" \/>  <\/p>\n<p><span class=\"text1noticias\">\t<\/span><\/p>\n<p><span class=\"text1noticias\">  <\/span><\/p>\n<p><span class=\"text1noticias\">Bogot\u00e1, 11 nov (PL) Los avances de las pl\u00e1ticas entre el Gobierno y las insurgentes FARC-EP incrementan hoy el optimismo de los colombianos frente a la perspectiva de la paz, luego de una prolongada guerra interna, revel\u00f3 la \u00faltima encuesta de Gallup.<\/span><\/p>\n<\/p>\n<p><span class=\"text1noticias\">De acuerdo con el estudio, el 52 por ciento de los consultados considera que en esta ocasi\u00f3n s\u00ed ser\u00e1 posible un acuerdo entre representantes gubernamentales y de las Fuerzas Armadas Revolucionarias de Colombia-Ej\u00e9rcito del Pueblo (FARC-EP) para poner fin a la confrontaci\u00f3n b\u00e9lica.<\/span><\/p>\n<\/p>\n<p><span class=\"text1noticias\">Ese dato devela un aumento de la confianza en torno a dichas gestiones, en contraste con el porcentaje de escepticismo reflejado en agosto pasado en similar sondeo de opini\u00f3n, cuando 61 por ciento de los entrevistados mostr\u00f3 dudas acerca de la probabilidad de lograr un tratado pacifista entre ambas partes beligerantes.<\/span><\/p>\n<\/p>\n<p><span class=\"text1noticias\">Tal exploraci\u00f3n revel\u00f3 igualmente respaldo al reciente pacto en materia de justicia transicional, el cual prev\u00e9 la creaci\u00f3n de la llamada Jurisdicci\u00f3n Especial para la Paz.<\/span><\/p>\n<\/p>\n<p><span class=\"text1noticias\">Ese mecanismo contempla la constituci\u00f3n de tribunales para investigar, juzgar y sancionar a actores de la conflagraci\u00f3n, sin impunidad para cr\u00edmenes de lesa humanidad pero con posibilidades de indultos en casos de delitos pol\u00edticos y conexos.<\/span><\/p>\n<\/p>\n<p><span class=\"text1noticias\">El 23 de septiembre, tras casi un a\u00f1o de complejas discusiones en la mesa de concertaci\u00f3n de La Habana, las dos delegaciones anunciaron el consenso en ese asunto, y posteriormente establecieron la metodolog\u00eda para la b\u00fasqueda de personas desparecidas dentro del contexto de la contienda.<\/span><\/p>\n<\/p>\n<p><span class=\"text1noticias\">Ambos resultados influyeron en un ascenso de la percepci\u00f3n favorable sobre el proceso pacificador, opin\u00f3 el diario El Tiempo, el de mayor circulaci\u00f3n a nivel nacional.<\/span><\/p>\n<\/p>\n<p><span class=\"text1noticias\">Seg\u00fan la investigaci\u00f3n de la empresa Gallup Colombia desarrollada en cinco ciudades del pa\u00eds, el 69 por ciento -nueve puntos m\u00e1s que en agosto- aprueba la decisi\u00f3n del presidente Juan Manuel Santos referida a impulsar las conversaciones con ese movimiento guerrillero.<\/span><\/p>\n<\/p>\n<p><span class=\"text1noticias\">Tales ciclos de encuentros, encaminados a alcanzar una salida negociada a la guerra, comenzaron en Cuba desde 2012.<\/span><\/p>\n<\/p>\n<p><span class=\"text1noticias\">Luego de conseguir tambi\u00e9n preacuerdos en los t\u00f3picos de reforma rural integral, participaci\u00f3n pol\u00edtica centrada en la profundizaci\u00f3n de la democracia, y combate a las drogas il\u00edcitas, los equipos presentes en la capital cubana deber\u00e1n definir los t\u00e9rminos del cese el fuego bilateral, la dejaci\u00f3n de armas, desmovilizaci\u00f3n y reintegraci\u00f3n de los combatientes a la vida civil.<\/span><\/p>\n<\/p>\n<\/p>\n<\/p>\n<h6> 2015-11-11 12:29:31 <\/h6>\n<p><!--\n<link rel=\"stylesheet\" href=\"css\/bootstrap.min.css\">\n\n\n<ul class=\"pagination\">\n\t    \n\t\n\n<li >\n\t<a href='?page_no=22150'>Previous<\/a>\n\t<\/li>\n\n\n       \n    \n\n<li><a href='?page_no=1'>1<\/a><\/li>\n\n\n\n<li><a href='?page_no=2'>2<\/a><\/li>\n\n\n\n<li><a>...<\/a><\/li>\n\n\n\n<li><a href='?page_no=22149'>22149<\/a><\/li>\n\n\n\n<li><a href='?page_no=22150'>22150<\/a><\/li>\n\n\n\n<li class='active'><a>22151<\/a><\/li>\n\n\n\n<li><a href='?page_no=22152'>22152<\/a><\/li>\n\n\n\n<li><a href='?page_no=22153'>22153<\/a><\/li>\n\n\n\n<li><a>...<\/a><\/li>\n\n\n\n<li><a href='?page_no=51012'>51012<\/a><\/li>\n\n\n\n<li><a href='?page_no=51013'>51013<\/a><\/li>\n\n    \n\t\n\n<li >\n\t<a href='?page_no=22152'>Next<\/a>\n\t<\/li>\n\n\n    \n\n<li><a href='?page_no=51013'>Last &rsaquo;&rsaquo;<\/a><\/li>\n\n<\/ul>\n\n\n--><br \/>\n<\/body><\/p>\n","protected":false},"excerpt":{"rendered":"<p>Bogot\u00e1, 11 nov (PL) Los avances de las pl\u00e1ticas entre el Gobierno y las insurgentes FARC-EP incrementan hoy el optimismo de los colombianos frente a la perspectiva de la paz, luego de una prolongada guerra interna, revel\u00f3 la \u00faltima encuesta de Gallup. De acuerdo con el estudio, el 52 por ciento de los consultados considera [&hellip;]<\/p>\n","protected":false},"author":3,"featured_media":0,"comment_status":"open","ping_status":"open","sticky":false,"template":"","format":"standard","meta":{"footnotes":""},"categories":[23],"tags":[],"class_list":["post-252506","post","type-post","status-publish","format-standard","hentry","category-internacional"],"_links":{"self":[{"href":"https:\/\/diariodominicano.com\/index.php?rest_route=\/wp\/v2\/posts\/252506","targetHints":{"allow":["GET"]}}],"collection":[{"href":"https:\/\/diariodominicano.com\/index.php?rest_route=\/wp\/v2\/posts"}],"about":[{"href":"https:\/\/diariodominicano.com\/index.php?rest_route=\/wp\/v2\/types\/post"}],"author":[{"embeddable":true,"href":"https:\/\/diariodominicano.com\/index.php?rest_route=\/wp\/v2\/users\/3"}],"replies":[{"embeddable":true,"href":"https:\/\/diariodominicano.com\/index.php?rest_route=%2Fwp%2Fv2%2Fcomments&post=252506"}],"version-history":[{"count":0,"href":"https:\/\/diariodominicano.com\/index.php?rest_route=\/wp\/v2\/posts\/252506\/revisions"}],"wp:attachment":[{"href":"https:\/\/diariodominicano.com\/index.php?rest_route=%2Fwp%2Fv2%2Fmedia&parent=252506"}],"wp:term":[{"taxonomy":"category","embeddable":true,"href":"https:\/\/diariodominicano.com\/index.php?rest_route=%2Fwp%2Fv2%2Fcategories&post=252506"},{"taxonomy":"post_tag","embeddable":true,"href":"https:\/\/diariodominicano.com\/index.php?rest_route=%2Fwp%2Fv2%2Ftags&post=252506"}],"curies":[{"name":"wp","href":"https:\/\/api.w.org\/{rel}","templated":true}]}}