{"id":252505,"date":"2015-11-11T12:36:10","date_gmt":"2015-11-11T12:36:10","guid":{"rendered":"http:\/\/diariodominicano.ddns.net\/?p=252505"},"modified":"2015-11-11T12:36:10","modified_gmt":"2015-11-11T12:36:10","slug":"cuba-ee-uu-nuevos-pasos-para-mejorar-relaciones","status":"publish","type":"post","link":"https:\/\/diariodominicano.com\/?p=252505","title":{"rendered":"Cuba-EE.UU., nuevos pasos para mejorar relaciones"},"content":{"rendered":"<p><body><\/p>\n<p><img decoding=\"async\" src=\"img3\/cuba-eeuu-banderas3.jpg\" \/>  <\/p>\n<p><span class=\"text1noticias\">  <\/span><\/p>\n<p><span class=\"text1noticias\">Por Waldo Mendiluza, Enviado especial<\/span><\/p>\n<\/p>\n<p><span class=\"text1noticias\">Washington, 11 nov (PL) Cuba y Estados Unidos dieron en esta capital nuevos pasos para mejorar sus relaciones, aunque persisten serios obst\u00e1culos a superar, como el bloqueo econ\u00f3mico, comercial y financiero impuesto a la isla por m\u00e1s de medio siglo. <\/span><\/p>\n<\/p>\n<p><span class=\"text1noticias\">La v\u00edspera, delegaciones de ambos pa\u00edses celebraron el segundo encuentro de la Comisi\u00f3n Bilateral activada para avanzar hacia la normalizaci\u00f3n de sus v\u00ednculos, evento que las partes coincidieron en calificar de marcado por un clima constructivo y respetuoso.<\/span><\/p>\n<\/p>\n<p><span class=\"text1noticias\">Al igual que en la reuni\u00f3n inicial, realizada el 11 de septiembre en La Habana, las representaciones estuvieron encabezadas por la directora general de Estados Unidos de la Canciller\u00eda cubana, Josefina Vidal, y por el subsecretario adjunto para los Asuntos del Hemisferio Occidental del Departamento de Estado, Edward Alex Lee.<\/span><\/p>\n<\/p>\n<p><span class=\"text1noticias\">Seg\u00fan declaraciones de Vidal a la prensa al concluir el encuentro, ambos gobiernos est\u00e1n cerca de anunciar convenios en varios sectores, perfilados durante las negociaciones de los \u00faltimos dos meses.<\/span><\/p>\n<\/p>\n<p><span class=\"text1noticias\">\u00abPuedo afirmar categ\u00f3ricamente que hemos logrado avances (&#8230;). En breve plazo podremos anunciar los primeros acuerdos\u00bb, dijo.<\/span><\/p>\n<\/p>\n<p><span class=\"text1noticias\">La funcionaria explic\u00f3 que gracias al trabajo de los dos pa\u00edses en la Comisi\u00f3n, se alcanzaron progresos en asuntos que llevaban a\u00f1os en discusi\u00f3n, como el correo postal, analizado desde 2009.<\/span><\/p>\n<\/p>\n<p><span class=\"text1noticias\">A partir de lo expuesto aqu\u00ed por Vidal, La Habana y Washington pudieran informar antes de que termine 2015 los acuerdos encaminados a regularizar los vuelos directos -actualmente solo prestan servicio charters- y el tr\u00e1fico postal, adem\u00e1s de la cooperaci\u00f3n en la defensa del medio ambiente y el combate al narcotr\u00e1fico.<\/span><\/p>\n<\/p>\n<p><span class=\"text1noticias\">Asimismo, parecen encaminados a profundizar o tratar los temas de la seguridad mar\u00edtima-portuaria, la aplicaci\u00f3n y el cumplimiento de la ley, el cambio clim\u00e1tico, la emigraci\u00f3n, los derechos humanos y la salud.<\/span><\/p>\n<\/p>\n<p><span class=\"text1noticias\">La diplom\u00e1tica se\u00f1al\u00f3 a Prensa Latina que en estos avances han jugado un importante papel los intercambios a nivel t\u00e9cnico entre las partes.<\/span><\/p>\n<\/p>\n<p><span class=\"text1noticias\">LOS OBST\u00c1CULOS <\/span><\/p>\n<\/p>\n<p><span class=\"text1noticias\">En la Comisi\u00f3n Bilateral, Cuba reiter\u00f3 a Estados Unidos la necesidad de eliminar obst\u00e1culos que afectan el acercamiento, derivados de la postura hostil ejecutada por d\u00e9cadas contra la isla.<\/span><\/p>\n<\/p>\n<p><span class=\"text1noticias\">Al igual que en la anterior reuni\u00f3n, insistimos en el levantamiento del bloqueo, por las afectaciones que causa al pueblo cubano y a los v\u00ednculos econ\u00f3micos y comerciales entre los dos pa\u00edses y con terceros, afirm\u00f3 Vidal a periodistas.<\/span><\/p>\n<\/p>\n<p><span class=\"text1noticias\">La funcionaria agreg\u00f3 que tambi\u00e9n se abordaron otras acciones lesivas para la soberan\u00eda cubana, como la ocupaci\u00f3n de una parte de Guant\u00e1namo por la Base Naval norteamericana, las transmisiones ilegales de radio y televisi\u00f3n y los programas dirigidos al cambio de r\u00e9gimen.<\/span><\/p>\n<\/p>\n<p><span class=\"text1noticias\">EL CAMINO POR DELANTE <\/span><\/p>\n<\/p>\n<p><span class=\"text1noticias\">Vidal adelant\u00f3 que la Comisi\u00f3n volver\u00e1 a sesionar en febrero de 2016.<\/span><\/p>\n<\/p>\n<p><span class=\"text1noticias\">Por su parte, el Departamento de Estado consider\u00f3 las reuniones del mecanismo creado a partir del restablecimiento de las relaciones diplom\u00e1ticas una v\u00eda clave de coordinaci\u00f3n para impulsar la normalizaci\u00f3n de lazos.<\/span><\/p>\n<\/p>\n<p><span class=\"text1noticias\">Washington tambi\u00e9n calific\u00f3 los encuentros de una oportunidad para abordar prioridades de cara al a\u00f1o entrante e identificar herramientas para \u00abseguir reduciendo las diferencias\u00bb.<\/span><\/p>\n<\/p>\n<p><span class=\"text1noticias\">Se espera que en las pr\u00f3ximas semanas ambos pa\u00edses materialicen nuevos acercamientos a nivel de expertos y mediante visitas de alto nivel.<\/span><\/p>\n<h6> 2015-11-11 12:36:10 <\/h6>\n<p><!--\n<link rel=\"stylesheet\" href=\"css\/bootstrap.min.css\">\n\n\n<ul class=\"pagination\">\n\t    \n\t\n\n<li >\n\t<a href='?page_no=22149'>Previous<\/a>\n\t<\/li>\n\n\n       \n    \n\n<li><a href='?page_no=1'>1<\/a><\/li>\n\n\n\n<li><a href='?page_no=2'>2<\/a><\/li>\n\n\n\n<li><a>...<\/a><\/li>\n\n\n\n<li><a href='?page_no=22148'>22148<\/a><\/li>\n\n\n\n<li><a href='?page_no=22149'>22149<\/a><\/li>\n\n\n\n<li class='active'><a>22150<\/a><\/li>\n\n\n\n<li><a href='?page_no=22151'>22151<\/a><\/li>\n\n\n\n<li><a href='?page_no=22152'>22152<\/a><\/li>\n\n\n\n<li><a>...<\/a><\/li>\n\n\n\n<li><a href='?page_no=51012'>51012<\/a><\/li>\n\n\n\n<li><a href='?page_no=51013'>51013<\/a><\/li>\n\n    \n\t\n\n<li >\n\t<a href='?page_no=22151'>Next<\/a>\n\t<\/li>\n\n\n    \n\n<li><a href='?page_no=51013'>Last &rsaquo;&rsaquo;<\/a><\/li>\n\n<\/ul>\n\n\n--><br \/>\n<\/body><\/p>\n","protected":false},"excerpt":{"rendered":"<p>Por Waldo Mendiluza, Enviado especial Washington, 11 nov (PL) Cuba y Estados Unidos dieron en esta capital nuevos pasos para mejorar sus relaciones, aunque persisten serios obst\u00e1culos a superar, como el bloqueo econ\u00f3mico, comercial y financiero impuesto a la isla por m\u00e1s de medio siglo. La v\u00edspera, delegaciones de ambos pa\u00edses celebraron el segundo encuentro [&hellip;]<\/p>\n","protected":false},"author":3,"featured_media":0,"comment_status":"open","ping_status":"open","sticky":false,"template":"","format":"standard","meta":{"footnotes":""},"categories":[23],"tags":[],"class_list":["post-252505","post","type-post","status-publish","format-standard","hentry","category-internacional"],"_links":{"self":[{"href":"https:\/\/diariodominicano.com\/index.php?rest_route=\/wp\/v2\/posts\/252505","targetHints":{"allow":["GET"]}}],"collection":[{"href":"https:\/\/diariodominicano.com\/index.php?rest_route=\/wp\/v2\/posts"}],"about":[{"href":"https:\/\/diariodominicano.com\/index.php?rest_route=\/wp\/v2\/types\/post"}],"author":[{"embeddable":true,"href":"https:\/\/diariodominicano.com\/index.php?rest_route=\/wp\/v2\/users\/3"}],"replies":[{"embeddable":true,"href":"https:\/\/diariodominicano.com\/index.php?rest_route=%2Fwp%2Fv2%2Fcomments&post=252505"}],"version-history":[{"count":0,"href":"https:\/\/diariodominicano.com\/index.php?rest_route=\/wp\/v2\/posts\/252505\/revisions"}],"wp:attachment":[{"href":"https:\/\/diariodominicano.com\/index.php?rest_route=%2Fwp%2Fv2%2Fmedia&parent=252505"}],"wp:term":[{"taxonomy":"category","embeddable":true,"href":"https:\/\/diariodominicano.com\/index.php?rest_route=%2Fwp%2Fv2%2Fcategories&post=252505"},{"taxonomy":"post_tag","embeddable":true,"href":"https:\/\/diariodominicano.com\/index.php?rest_route=%2Fwp%2Fv2%2Ftags&post=252505"}],"curies":[{"name":"wp","href":"https:\/\/api.w.org\/{rel}","templated":true}]}}