{"id":252503,"date":"2015-11-11T12:47:39","date_gmt":"2015-11-11T12:47:39","guid":{"rendered":"http:\/\/diariodominicano.ddns.net\/?p=252503"},"modified":"2015-11-11T12:47:39","modified_gmt":"2015-11-11T12:47:39","slug":"bolivia-desea-fortalecer-vinculos-comerciales-con-la-union-europea","status":"publish","type":"post","link":"https:\/\/diariodominicano.com\/?p=252503","title":{"rendered":"Bolivia desea fortalecer v\u00ednculos comerciales con la Uni\u00f3n Europea"},"content":{"rendered":"<p><body><\/p>\n<p><img decoding=\"async\" src=\"img3\/evo-markel.jpg\" \/>  <\/p>\n<p><span class=\"text1noticias\"> <\/span><\/p>\n<p><span class=\"text1noticias\">  <\/span><\/p>\n<p><span class=\"text1noticias\">La Paz, 11 nov (PL) El jefe de Estado boliviano, Evo Morales, ratific\u00f3 hoy aqu\u00ed el inter\u00e9s de su gobierno en fortalecer las actividades comerciales con la Uni\u00f3n Europea (UE).<\/span><\/p>\n<\/p>\n<p><span class=\"text1noticias\">\u00abDurante nuestro encuentro en Berl\u00edn con la canciller federal alemana, \u00c1ngela Merkel, debatimos sobre la posibilidad de conseguir un tratamiento especial para Bolivia en aras de consolidar un acuerdo comercial de cooperaci\u00f3n e inversi\u00f3n con Alemania y la UE\u00bb, afirm\u00f3 el dignatario en contacto con la prensa en Palacio de Gobierno.<\/span><\/p>\n<\/p>\n<p><span class=\"text1noticias\">El mandatario record\u00f3 que en la referida reuni\u00f3n Merkel le pregunt\u00f3 si Bolivia deseaba tener acuerdos comerciales junto al Mercado Com\u00fan del Sur (Mercosur) o necesitaba un tratamiento especial.<\/span><\/p>\n<\/p>\n<p><span class=\"text1noticias\">\u00abLa interrogante me sorprendi\u00f3 y le manifest\u00e9 que tenemos algunas diferencias sobre comercio de competitividad con la Uni\u00f3n Europea, y le expliqu\u00e9 que nuestros programas de complementariedad, solidaridad e integraci\u00f3n nos ayudaron a reducir la pobreza, aunque, manifest\u00f3 que ante la preocupaci\u00f3n de Merkel, Bolivia quisiera un tratamiento especial\u00bb.<\/span><\/p>\n<\/p>\n<p><span class=\"text1noticias\">En esa l\u00ednea, dijo, la autoridad germana realizar\u00e1 gestiones ante la Comisi\u00f3n Europea para celebrar un acuerdo bilateral.<\/span><\/p>\n<\/p>\n<p><span class=\"text1noticias\">\u00abElla est\u00e1 convencida de c\u00f3mo apoyar este proceso de cambio en Bolivia, pero nuestra tarea es lograr que no solo Alemania, Francia, Italia o Rusia instalen sus empresas aqu\u00ed, sino que todos los pa\u00edses de Europa que as\u00ed lo quieran, est\u00e9n presentes ac\u00e1 para juntos trabajar en diferentes rubros\u00bb, remarc\u00f3.<\/span><\/p>\n<\/p>\n<p><span class=\"text1noticias\">Morales realiz\u00f3 una visita de trabajo de ocho d\u00edas a Alemania, Italia, Francia e Irlanda, la cual calific\u00f3 de fruct\u00edfera y de respeto mutuo que permiti\u00f3 fortalecer los lazos de amistad con estos gobiernos.<\/span><\/p>\n<h6> 2015-11-11 12:47:39 <\/h6>\n<p><!--\n<link rel=\"stylesheet\" href=\"css\/bootstrap.min.css\">\n\n\n<ul class=\"pagination\">\n\t    \n\t\n\n<li >\n\t<a href='?page_no=22147'>Previous<\/a>\n\t<\/li>\n\n\n       \n    \n\n<li><a href='?page_no=1'>1<\/a><\/li>\n\n\n\n<li><a href='?page_no=2'>2<\/a><\/li>\n\n\n\n<li><a>...<\/a><\/li>\n\n\n\n<li><a href='?page_no=22146'>22146<\/a><\/li>\n\n\n\n<li><a href='?page_no=22147'>22147<\/a><\/li>\n\n\n\n<li class='active'><a>22148<\/a><\/li>\n\n\n\n<li><a href='?page_no=22149'>22149<\/a><\/li>\n\n\n\n<li><a href='?page_no=22150'>22150<\/a><\/li>\n\n\n\n<li><a>...<\/a><\/li>\n\n\n\n<li><a href='?page_no=51012'>51012<\/a><\/li>\n\n\n\n<li><a href='?page_no=51013'>51013<\/a><\/li>\n\n    \n\t\n\n<li >\n\t<a href='?page_no=22149'>Next<\/a>\n\t<\/li>\n\n\n    \n\n<li><a href='?page_no=51013'>Last &rsaquo;&rsaquo;<\/a><\/li>\n\n<\/ul>\n\n\n--><br \/>\n<\/body><\/p>\n","protected":false},"excerpt":{"rendered":"<p>La Paz, 11 nov (PL) El jefe de Estado boliviano, Evo Morales, ratific\u00f3 hoy aqu\u00ed el inter\u00e9s de su gobierno en fortalecer las actividades comerciales con la Uni\u00f3n Europea (UE). \u00abDurante nuestro encuentro en Berl\u00edn con la canciller federal alemana, \u00c1ngela Merkel, debatimos sobre la posibilidad de conseguir un tratamiento especial para Bolivia en aras [&hellip;]<\/p>\n","protected":false},"author":3,"featured_media":0,"comment_status":"open","ping_status":"open","sticky":false,"template":"","format":"standard","meta":{"footnotes":""},"categories":[23],"tags":[],"class_list":["post-252503","post","type-post","status-publish","format-standard","hentry","category-internacional"],"_links":{"self":[{"href":"https:\/\/diariodominicano.com\/index.php?rest_route=\/wp\/v2\/posts\/252503","targetHints":{"allow":["GET"]}}],"collection":[{"href":"https:\/\/diariodominicano.com\/index.php?rest_route=\/wp\/v2\/posts"}],"about":[{"href":"https:\/\/diariodominicano.com\/index.php?rest_route=\/wp\/v2\/types\/post"}],"author":[{"embeddable":true,"href":"https:\/\/diariodominicano.com\/index.php?rest_route=\/wp\/v2\/users\/3"}],"replies":[{"embeddable":true,"href":"https:\/\/diariodominicano.com\/index.php?rest_route=%2Fwp%2Fv2%2Fcomments&post=252503"}],"version-history":[{"count":0,"href":"https:\/\/diariodominicano.com\/index.php?rest_route=\/wp\/v2\/posts\/252503\/revisions"}],"wp:attachment":[{"href":"https:\/\/diariodominicano.com\/index.php?rest_route=%2Fwp%2Fv2%2Fmedia&parent=252503"}],"wp:term":[{"taxonomy":"category","embeddable":true,"href":"https:\/\/diariodominicano.com\/index.php?rest_route=%2Fwp%2Fv2%2Fcategories&post=252503"},{"taxonomy":"post_tag","embeddable":true,"href":"https:\/\/diariodominicano.com\/index.php?rest_route=%2Fwp%2Fv2%2Ftags&post=252503"}],"curies":[{"name":"wp","href":"https:\/\/api.w.org\/{rel}","templated":true}]}}