{"id":252502,"date":"2015-11-11T12:50:21","date_gmt":"2015-11-11T12:50:21","guid":{"rendered":"http:\/\/diariodominicano.ddns.net\/?p=252502"},"modified":"2015-11-11T12:50:21","modified_gmt":"2015-11-11T12:50:21","slug":"expresidente-peruano-reeleccionista-investigado-por-lavado-de-activos","status":"publish","type":"post","link":"https:\/\/diariodominicano.com\/?p=252502","title":{"rendered":"Expresidente peruano reeleccionista investigado por lavado de activos\t&#13;"},"content":{"rendered":"<p><body><\/p>\n<p><img decoding=\"async\" src=\"img3\/alan-garcia.jpg\" \/>  <\/p>\n<p> Lima, 11 nov (PL) El expresidente peruano Alan Garc\u00eda es investigado por el Ministerio P\u00fablico por presunto lavado de activos en el suministro de fondos electorales para su Partido Aprista, confirmaron hoy fuentes de ese organismo.<\/p>\n<\/p>\n<p>Seg\u00fan la versi\u00f3n, recogida tambi\u00e9n por medios de prensa, la pesquisa se inici\u00f3 en septiembre pasado y fue abierta por el fiscal Jos\u00e9 Castellanos ante un informe de la Oficina de Procesos Electorales (ONPE) sobre irregularidades en la transferencia de dinero a la organizaci\u00f3n pol\u00edtica.<\/p>\n<\/p>\n<p>Seg\u00fan el procedimiento usual, la pesquisa dar\u00e1 lugar a una indagaci\u00f3n de las cuentas bancarias y tributarias y al patrimonio del aprismo y a interrogatorios a los implicados, entre los cuales Garc\u00eda es investigado como presidente de su partido.<\/p>\n<\/p>\n<p>El parlamentario aprista Javier Vel\u00e1squez reiter\u00f3 el argumento de que tras las denuncias est\u00e1n partidos adversarios, aunque el aprismo se someter\u00e1 a la investigaci\u00f3n porque no tiene nada que ocultar.<\/p>\n<\/p>\n<p>Vel\u00e1squez puso a cubierto a Garc\u00eda al se\u00f1alar que este tiene un cargo simb\u00f3lico y honor\u00edfico en el partido y quienes deben responder son los secretarios generales de la organizaci\u00f3n.<\/p>\n<\/p>\n<p>Garc\u00eda busca una tercera elecci\u00f3n presidencial (antes gobern\u00f3 en los periodos 1985-90 y 2006-11) y dos encuestas registraron esta semana su descenso del tercero al cuarto lugar con escaso apoyo, debido, seg\u00fan diversos analistas, a los indultos que concedi\u00f3 en su \u00faltimo gobierno a miles de narcotraficantes y asaltantes.<\/p>\n<\/p>\n<p>El exprimer ministro C\u00e9sar Villanueva se\u00f1al\u00f3 que el llamado caso narcoindultos afecta fuertemente a Garc\u00eda, teniendo en cuenta que Per\u00fa tiene graves problemas con el narcotr\u00e1fico.<\/p>\n<\/p>\n<p>\u00abEn un ambiente de esa sensibilidad, este problema de los narcoindultos lo ha afectado significativamente\u00bb, declar\u00f3.<\/p>\n<\/p>\n<p>Por su parte, el comentarista Augusto \u00c1lvarez se\u00f1al\u00f3 que, si bien el expresidente puede recuperarse, por su experiencia y habilidad, pero su retroceso causar\u00e1 angustia en su partido \u00abante la poca capacidad de arrastre electoral que esta vez tendr\u00eda Garc\u00eda tras el desprestigio que le produjeron los narcoindultos\u00bb.<\/p>\n<h6> 2015-11-11 12:50:21 <\/h6>\n<p><!--\n<link rel=\"stylesheet\" href=\"css\/bootstrap.min.css\">\n\n\n<ul class=\"pagination\">\n\t    \n\t\n\n<li >\n\t<a href='?page_no=22146'>Previous<\/a>\n\t<\/li>\n\n\n       \n    \n\n<li><a href='?page_no=1'>1<\/a><\/li>\n\n\n\n<li><a href='?page_no=2'>2<\/a><\/li>\n\n\n\n<li><a>...<\/a><\/li>\n\n\n\n<li><a href='?page_no=22145'>22145<\/a><\/li>\n\n\n\n<li><a href='?page_no=22146'>22146<\/a><\/li>\n\n\n\n<li class='active'><a>22147<\/a><\/li>\n\n\n\n<li><a href='?page_no=22148'>22148<\/a><\/li>\n\n\n\n<li><a href='?page_no=22149'>22149<\/a><\/li>\n\n\n\n<li><a>...<\/a><\/li>\n\n\n\n<li><a href='?page_no=51012'>51012<\/a><\/li>\n\n\n\n<li><a href='?page_no=51013'>51013<\/a><\/li>\n\n    \n\t\n\n<li >\n\t<a href='?page_no=22148'>Next<\/a>\n\t<\/li>\n\n\n    \n\n<li><a href='?page_no=51013'>Last &rsaquo;&rsaquo;<\/a><\/li>\n\n<\/ul>\n\n\n--><br \/>\n<\/body><\/p>\n","protected":false},"excerpt":{"rendered":"<p>Lima, 11 nov (PL) El expresidente peruano Alan Garc\u00eda es investigado por el Ministerio P\u00fablico por presunto lavado de activos en el suministro de fondos electorales para su Partido Aprista, confirmaron hoy fuentes de ese organismo. Seg\u00fan la versi\u00f3n, recogida tambi\u00e9n por medios de prensa, la pesquisa se inici\u00f3 en septiembre pasado y fue abierta [&hellip;]<\/p>\n","protected":false},"author":3,"featured_media":0,"comment_status":"open","ping_status":"open","sticky":false,"template":"","format":"standard","meta":{"footnotes":""},"categories":[23],"tags":[],"class_list":["post-252502","post","type-post","status-publish","format-standard","hentry","category-internacional"],"_links":{"self":[{"href":"https:\/\/diariodominicano.com\/index.php?rest_route=\/wp\/v2\/posts\/252502","targetHints":{"allow":["GET"]}}],"collection":[{"href":"https:\/\/diariodominicano.com\/index.php?rest_route=\/wp\/v2\/posts"}],"about":[{"href":"https:\/\/diariodominicano.com\/index.php?rest_route=\/wp\/v2\/types\/post"}],"author":[{"embeddable":true,"href":"https:\/\/diariodominicano.com\/index.php?rest_route=\/wp\/v2\/users\/3"}],"replies":[{"embeddable":true,"href":"https:\/\/diariodominicano.com\/index.php?rest_route=%2Fwp%2Fv2%2Fcomments&post=252502"}],"version-history":[{"count":0,"href":"https:\/\/diariodominicano.com\/index.php?rest_route=\/wp\/v2\/posts\/252502\/revisions"}],"wp:attachment":[{"href":"https:\/\/diariodominicano.com\/index.php?rest_route=%2Fwp%2Fv2%2Fmedia&parent=252502"}],"wp:term":[{"taxonomy":"category","embeddable":true,"href":"https:\/\/diariodominicano.com\/index.php?rest_route=%2Fwp%2Fv2%2Fcategories&post=252502"},{"taxonomy":"post_tag","embeddable":true,"href":"https:\/\/diariodominicano.com\/index.php?rest_route=%2Fwp%2Fv2%2Ftags&post=252502"}],"curies":[{"name":"wp","href":"https:\/\/api.w.org\/{rel}","templated":true}]}}