{"id":252500,"date":"2015-11-11T12:59:48","date_gmt":"2015-11-11T12:59:48","guid":{"rendered":"http:\/\/diariodominicano.ddns.net\/?p=252500"},"modified":"2015-11-11T12:59:48","modified_gmt":"2015-11-11T12:59:48","slug":"maduro-insiste-en-estabilizacion-del-mercado-petrolero","status":"publish","type":"post","link":"https:\/\/diariodominicano.com\/?p=252500","title":{"rendered":"&#13;Maduro insiste en estabilizaci\u00f3n del mercado petrolero"},"content":{"rendered":"<p><body><\/p>\n<\/p>\n<p>Riad, 11 nov (PL) El presidente venezolano, Nicol\u00e1s Maduro, insisti\u00f3 hoy durante la IV Cumbre Am\u00e9rica del Sur y Pa\u00edses \u00c1rabes (ASPA) en la creaci\u00f3n de f\u00f3rmulas para estabilizar el mercado petrolero y fijar precios del crudo m\u00e1s justos. <\/p>\n<\/p>\n<p>Al intervenir en la segunda sesi\u00f3n de trabajo de la cita birregional, el mandatario suramericano manifest\u00f3 su esperanza de lograr en un corto plazo la creaci\u00f3n de pol\u00edticas dirigidas a rescatar ese rubro, posibilitar la continuidad de las inversiones y evitar futuros desbalances.<\/p>\n<\/p>\n<p>En tal sentido, se\u00f1al\u00f3 a la presente cumbre como un mecanismo acertado para dar los primeros pasos hacia la recuperaci\u00f3n y el fin de la inestabilidad.<\/p>\n<\/p>\n<p>Somos nosotros los que invertimos y producimos el petr\u00f3leo de este planeta, no pueden ser otros quienes fijen los precios mediante la especulaci\u00f3n, dijo.<\/p>\n<\/p>\n<p>En repetidas oportunidades, Maduro defendi\u00f3 la idea de establecer un valor m\u00ednimo para el barril de petr\u00f3leo en el rango de los 70-80 d\u00f3lares.<\/p>\n<\/p>\n<p>Para lograr tal objetivo, el presidente venezolano aboga por una cumbre de jefes de Estado y de Gobierno de integrantes de la Organizaci\u00f3n de Pa\u00edses Exportadores de Petr\u00f3leo (OPEP) y otras naciones dedicadas a ese rubro pero que no pertenecen a la citada agrupaci\u00f3n.<\/p>\n<\/p>\n<p>Esta jornada, Maduro tambi\u00e9n enalteci\u00f3 el foro que se celebra en Riad y lo calific\u00f3 como una v\u00eda para el acercamiento entre dos regiones y la construcci\u00f3n de un mundo multipolar.<\/p>\n<\/p>\n<p>Adem\u00e1s, anunci\u00f3 que la V Cumbre ASPA tendr\u00e1 lugar en Venezuela en el a\u00f1o 2018. Las citas anteriores fueron en Brasil (2005), Qatar (2009) y Per\u00fa (2012).<\/p>\n<\/p>\n<p>En su discurso, el jefe de Estado venezolano tambi\u00e9n respald\u00f3 la causa palestina y al presidente Mahmoud Abbas, con quien dialog\u00f3 en el contexto de la reuni\u00f3n birregional.<\/p>\n<\/p>\n<p>Adem\u00e1s, Maduro convers\u00f3 con su hom\u00f3logo ecuatoriano, Rafael Correa, cuyo pa\u00eds acompa\u00f1a a Venezuela en la OPEP.<\/p>\n<\/p>\n<p>La agenda del mandatario igualmente incluy\u00f3 encuentros con el rey saudita, Salman bin Abdulaziz, y el emir de Qatar, Tamim bin Hamad Al Thani.<\/p>\n<\/p>\n<p>ASPA est\u00e1 integrada por 12 estados de la Uni\u00f3n de Naciones Suramericanas y 22 de la Liga \u00c1rabe. En conjunto, ambos bloques suman m\u00e1s de 750 millones de habitantes, cuentan con el principal productor de petr\u00f3leo (Arabia Saudita) y el pa\u00eds de mayores reservas de crudo (Venezuela).<\/p>\n<h6> 2015-11-11 12:59:48 <\/h6>\n<p><!--\n<link rel=\"stylesheet\" href=\"css\/bootstrap.min.css\">\n\n\n<ul class=\"pagination\">\n\t    \n\t\n\n<li >\n\t<a href='?page_no=22144'>Previous<\/a>\n\t<\/li>\n\n\n       \n    \n\n<li><a href='?page_no=1'>1<\/a><\/li>\n\n\n\n<li><a href='?page_no=2'>2<\/a><\/li>\n\n\n\n<li><a>...<\/a><\/li>\n\n\n\n<li><a href='?page_no=22143'>22143<\/a><\/li>\n\n\n\n<li><a href='?page_no=22144'>22144<\/a><\/li>\n\n\n\n<li class='active'><a>22145<\/a><\/li>\n\n\n\n<li><a href='?page_no=22146'>22146<\/a><\/li>\n\n\n\n<li><a href='?page_no=22147'>22147<\/a><\/li>\n\n\n\n<li><a>...<\/a><\/li>\n\n\n\n<li><a href='?page_no=51012'>51012<\/a><\/li>\n\n\n\n<li><a href='?page_no=51013'>51013<\/a><\/li>\n\n    \n\t\n\n<li >\n\t<a href='?page_no=22146'>Next<\/a>\n\t<\/li>\n\n\n    \n\n<li><a href='?page_no=51013'>Last &rsaquo;&rsaquo;<\/a><\/li>\n\n<\/ul>\n\n\n--><br \/>\n<\/body><\/p>\n","protected":false},"excerpt":{"rendered":"<p>Riad, 11 nov (PL) El presidente venezolano, Nicol\u00e1s Maduro, insisti\u00f3 hoy durante la IV Cumbre Am\u00e9rica del Sur y Pa\u00edses \u00c1rabes (ASPA) en la creaci\u00f3n de f\u00f3rmulas para estabilizar el mercado petrolero y fijar precios del crudo m\u00e1s justos. Al intervenir en la segunda sesi\u00f3n de trabajo de la cita birregional, el mandatario suramericano manifest\u00f3 [&hellip;]<\/p>\n","protected":false},"author":3,"featured_media":0,"comment_status":"open","ping_status":"open","sticky":false,"template":"","format":"standard","meta":{"footnotes":""},"categories":[23],"tags":[],"class_list":["post-252500","post","type-post","status-publish","format-standard","hentry","category-internacional"],"_links":{"self":[{"href":"https:\/\/diariodominicano.com\/index.php?rest_route=\/wp\/v2\/posts\/252500","targetHints":{"allow":["GET"]}}],"collection":[{"href":"https:\/\/diariodominicano.com\/index.php?rest_route=\/wp\/v2\/posts"}],"about":[{"href":"https:\/\/diariodominicano.com\/index.php?rest_route=\/wp\/v2\/types\/post"}],"author":[{"embeddable":true,"href":"https:\/\/diariodominicano.com\/index.php?rest_route=\/wp\/v2\/users\/3"}],"replies":[{"embeddable":true,"href":"https:\/\/diariodominicano.com\/index.php?rest_route=%2Fwp%2Fv2%2Fcomments&post=252500"}],"version-history":[{"count":0,"href":"https:\/\/diariodominicano.com\/index.php?rest_route=\/wp\/v2\/posts\/252500\/revisions"}],"wp:attachment":[{"href":"https:\/\/diariodominicano.com\/index.php?rest_route=%2Fwp%2Fv2%2Fmedia&parent=252500"}],"wp:term":[{"taxonomy":"category","embeddable":true,"href":"https:\/\/diariodominicano.com\/index.php?rest_route=%2Fwp%2Fv2%2Fcategories&post=252500"},{"taxonomy":"post_tag","embeddable":true,"href":"https:\/\/diariodominicano.com\/index.php?rest_route=%2Fwp%2Fv2%2Ftags&post=252500"}],"curies":[{"name":"wp","href":"https:\/\/api.w.org\/{rel}","templated":true}]}}