{"id":252499,"date":"2015-11-11T15:17:31","date_gmt":"2015-11-11T15:17:31","guid":{"rendered":"http:\/\/diariodominicano.ddns.net\/?p=252499"},"modified":"2015-11-11T15:17:31","modified_gmt":"2015-11-11T15:17:31","slug":"tribunal-constitucional-espanol-suspende-declaracion-independentista-de-cataluna","status":"publish","type":"post","link":"https:\/\/diariodominicano.com\/?p=252499","title":{"rendered":"Tribunal Constitucional espa\u00f1ol suspende declaraci\u00f3n independentista de Catalu\u00f1a"},"content":{"rendered":"<p><body><\/p>\n<p><img decoding=\"async\" src=\"img3\/anula.jpg\" \/>  <\/p>\n<p><span class=\"text1noticias\">    MADRID,  11 nov (Xinhua) &#8212; El Tribunal Constitucional (TC) suspendi\u00f3 la declaraci\u00f3n independentista de Catalu\u00f1a (noreste) y admiti\u00f3 a tr\u00e1mite el recurso del Gobierno espa\u00f1ol sobre la declaraci\u00f3n secesionista, aprobada el pasado lunes por el Parlamento de esa autonom\u00eda espa\u00f1ola.<\/span><\/p>\n<\/p>\n<p><span class=\"text1noticias\">     De esta forma, la resoluci\u00f3n del TC impugn\u00f3 todos los actos de esa comunidad aut\u00f3noma y notific\u00f3 su decisi\u00f3n a la presidenta del Parlamento de Catalu\u00f1a, Carme Forcadell, al presidente en funciones del Ejecutivo catal\u00e1n, Artur Mas, y a otros 19 cargos del Legislativo y Gobierno de Catalu\u00f1a.<\/span><\/p>\n<\/p>\n<p><span class=\"text1noticias\">     Tambi\u00e9n se\u00f1al\u00f3 que todas estas personas notificadas pueden ser suspendidas de sus funciones.<\/span><\/p>\n<\/p>\n<p><span class=\"text1noticias\">     La decisi\u00f3n del TC fue un\u00e1nime y suspende en la pr\u00e1ctica la resoluci\u00f3n del Gobierno catal\u00e1n durante cinco meses.<\/span><\/p>\n<\/p>\n<p><span class=\"text1noticias\">     Al mismo tiempo, la admisi\u00f3n a tr\u00e1mite del recurso por parte del TC implica un primer apercibimiento a los altos cargos catalanes, a quienes les avisa de que en caso de desobedecer el dictamen pueden incurrir en responsabilidades penal.<\/span><\/p>\n<\/p>\n<p><span class=\"text1noticias\">      Este mi\u00e9rcoles la abogac\u00eda del Estado present\u00f3 ante el TC el recurso del Gobierno espa\u00f1ol contra la declaraci\u00f3n aprobada el pasado lunes por el Parlamento de Catalu\u00f1a, que inicia la \u00abdesconexi\u00f3n\u00bb de Espa\u00f1a y \u00abproclama solemnemente\u00bb el inicio de la construcci\u00f3n de una rep\u00fablica catalana.<\/span><\/p>\n<\/p>\n<p><span class=\"text1noticias\">     El Consejo de Estado se\u00f1ala que la resoluci\u00f3n del Parlamento de Catalu\u00f1a \u00abimplica la vulneraci\u00f3n evidente del n\u00facleo esencial de la Constituci\u00f3n espa\u00f1ola\u00bb y \u00absu declarada insumisi\u00f3n a las instituciones del Estado\u00bb, por lo que vulnera varios art\u00edculos de la Constituci\u00f3n espa\u00f1ola.  <\/span><\/p>\n<p><strong> <\/strong><\/p>\n<p><strong><span class=\"text1noticias\">Gobierno de Espa\u00f1a impugna declaraci\u00f3n independentista de Catalu\u00f1a<\/span><\/strong><\/p>\n<\/p>\n<p><span class=\"text1noticias\">La Abogac\u00eda General (subsecretar\u00eda) del Estado de Espa\u00f1a present\u00f3 ante el Tribunal Constitucional (TC) un recurso de impugnaci\u00f3n a la resoluci\u00f3n independentista de la comunidad aut\u00f3noma de Catalu\u00f1a (noreste).<\/span><\/p>\n<\/p>\n<p><span class=\"text1noticias\">     El recurso fue acordado la ma\u00f1ana de este mi\u00e9rcoles por el Consejo de Ministros del Ejecutivo espa\u00f1ol reunido en sesi\u00f3n extraordinaria, tras obtener el aval del Consejo de Estado.<\/span><\/p>\n<\/p>\n<p><span class=\"text1noticias\">     La instancia declar\u00f3 la existencia de \u00abfundamentos jur\u00eddicos suficientes\u00bb para impugar la declaratoria aprobada el pasado 9 de noviembre por el Parlamento de Catalu\u00f1a, que dio inicio a un proceso de separaci\u00f3n del resto de Espa\u00f1a para construir una Rep\u00fablica.<\/span><\/p>\n<\/p>\n<p><span class=\"text1noticias\">     La declaraci\u00f3n separatista fue impulsada por los partidos pol\u00edticos catalanes Junts pel S\u00ed y la CUP, con mayor\u00eda en el Parlamento auton\u00f3mico.<\/span><\/p>\n<\/p>\n<p><span class=\"text1noticias\">     El Consejo de Estado consider\u00f3 que la resoluci\u00f3n del Parlamento de Catalu\u00f1a \u00abimplica la vulneraci\u00f3n evidente del n\u00facleo esencial de la Constituci\u00f3n espa\u00f1ola y su insumisi\u00f3n a las instituciones\u00bb.<\/span><\/p>\n<\/p>\n<p><span class=\"text1noticias\">     El recurso advierte a 21 altos funcionarios de Catalu\u00f1a que ser\u00e1n suspendidos si no obedecen la Constituci\u00f3n de Espa\u00f1a.<\/span><\/p>\n<\/p>\n<p><span class=\"text1noticias\">     El presidente del Gobierno de Espa\u00f1a, Mariano Rajoy, justific\u00f3 en conferencia de prensa la presentaci\u00f3n del recurso ante el TC contra la resoluci\u00f3n independentista catalana, porque \u00abniega el orden constitucional vigente en su conjunto\u00bb.<\/span><\/p>\n<\/p>\n<p><span class=\"text1noticias\">     \u00abPretenden acabar con la democracia y no lo voy a permitir. Estamos hablando del respeto a la soberan\u00eda popular y de la unidad de la naci\u00f3n. Esto es lo que algunos pretenden poner en riesgo. Yo no lo permitir\u00e9\u00bb, sostuvo.<\/span><\/p>\n<\/p>\n<p><span class=\"text1noticias\">     Rajoy dijo que \u00absin respeto a la ley, cualquier poder, cualquier gobierno pierde su legitimaci\u00f3n\u00bb.<\/span><\/p>\n<\/p>\n<p><span class=\"text1noticias\">     Se\u00f1al\u00f3 que el recurso presentado ante el TC es la \u00abprueba m\u00e1xima\u00bb de un Estado de derecho que \u00abcree en sus leyes y que las defiende\u00bb para que los espa\u00f1oles \u00abpuedan seguir confiando en las instituciones\u00bb.<\/span><\/p>\n<\/p>\n<p><span class=\"text1noticias\">     Explic\u00f3 que el Rey est\u00e1 \u00ababsolutamente informado\u00bb de las gestiones del Ejecutivo para afrontar el desaf\u00edo independentista de Catalu\u00f1a, \u00abun asunto que preocupa al gobierno, a fuerzas pol\u00edticas y a la inmensa mayor\u00eda de los espa\u00f1oles\u00bb.<\/span> <\/p>\n<h6> 2015-11-11 15:17:31 <\/h6>\n<p><!--\n<link rel=\"stylesheet\" href=\"css\/bootstrap.min.css\">\n\n\n<ul class=\"pagination\">\n\t    \n\t\n\n<li >\n\t<a href='?page_no=22143'>Previous<\/a>\n\t<\/li>\n\n\n       \n    \n\n<li><a href='?page_no=1'>1<\/a><\/li>\n\n\n\n<li><a href='?page_no=2'>2<\/a><\/li>\n\n\n\n<li><a>...<\/a><\/li>\n\n\n\n<li><a href='?page_no=22142'>22142<\/a><\/li>\n\n\n\n<li><a href='?page_no=22143'>22143<\/a><\/li>\n\n\n\n<li class='active'><a>22144<\/a><\/li>\n\n\n\n<li><a href='?page_no=22145'>22145<\/a><\/li>\n\n\n\n<li><a href='?page_no=22146'>22146<\/a><\/li>\n\n\n\n<li><a>...<\/a><\/li>\n\n\n\n<li><a href='?page_no=51012'>51012<\/a><\/li>\n\n\n\n<li><a href='?page_no=51013'>51013<\/a><\/li>\n\n    \n\t\n\n<li >\n\t<a href='?page_no=22145'>Next<\/a>\n\t<\/li>\n\n\n    \n\n<li><a href='?page_no=51013'>Last &rsaquo;&rsaquo;<\/a><\/li>\n\n<\/ul>\n\n\n--><br \/>\n<\/body><\/p>\n","protected":false},"excerpt":{"rendered":"<p>MADRID, 11 nov (Xinhua) &#8212; El Tribunal Constitucional (TC) suspendi\u00f3 la declaraci\u00f3n independentista de Catalu\u00f1a (noreste) y admiti\u00f3 a tr\u00e1mite el recurso del Gobierno espa\u00f1ol sobre la declaraci\u00f3n secesionista, aprobada el pasado lunes por el Parlamento de esa autonom\u00eda espa\u00f1ola. De esta forma, la resoluci\u00f3n del TC impugn\u00f3 todos los actos de esa comunidad aut\u00f3noma [&hellip;]<\/p>\n","protected":false},"author":3,"featured_media":0,"comment_status":"open","ping_status":"open","sticky":false,"template":"","format":"standard","meta":{"footnotes":""},"categories":[23],"tags":[],"class_list":["post-252499","post","type-post","status-publish","format-standard","hentry","category-internacional"],"_links":{"self":[{"href":"https:\/\/diariodominicano.com\/index.php?rest_route=\/wp\/v2\/posts\/252499","targetHints":{"allow":["GET"]}}],"collection":[{"href":"https:\/\/diariodominicano.com\/index.php?rest_route=\/wp\/v2\/posts"}],"about":[{"href":"https:\/\/diariodominicano.com\/index.php?rest_route=\/wp\/v2\/types\/post"}],"author":[{"embeddable":true,"href":"https:\/\/diariodominicano.com\/index.php?rest_route=\/wp\/v2\/users\/3"}],"replies":[{"embeddable":true,"href":"https:\/\/diariodominicano.com\/index.php?rest_route=%2Fwp%2Fv2%2Fcomments&post=252499"}],"version-history":[{"count":0,"href":"https:\/\/diariodominicano.com\/index.php?rest_route=\/wp\/v2\/posts\/252499\/revisions"}],"wp:attachment":[{"href":"https:\/\/diariodominicano.com\/index.php?rest_route=%2Fwp%2Fv2%2Fmedia&parent=252499"}],"wp:term":[{"taxonomy":"category","embeddable":true,"href":"https:\/\/diariodominicano.com\/index.php?rest_route=%2Fwp%2Fv2%2Fcategories&post=252499"},{"taxonomy":"post_tag","embeddable":true,"href":"https:\/\/diariodominicano.com\/index.php?rest_route=%2Fwp%2Fv2%2Ftags&post=252499"}],"curies":[{"name":"wp","href":"https:\/\/api.w.org\/{rel}","templated":true}]}}