{"id":252497,"date":"2015-11-11T19:24:29","date_gmt":"2015-11-11T19:24:29","guid":{"rendered":"http:\/\/diariodominicano.ddns.net\/?p=252497"},"modified":"2015-11-11T19:24:29","modified_gmt":"2015-11-11T19:24:29","slug":"mas-de-40-refugiados-deponen-huelga-de-hambre-en-instalacion-checa","status":"publish","type":"post","link":"https:\/\/diariodominicano.com\/?p=252497","title":{"rendered":"M\u00e1s de 40 refugiados deponen huelga de hambre en instalaci\u00f3n checa"},"content":{"rendered":"<p><body><\/p>\n<p><span class=\"text1noticias\">PRAGA, 12 nov (Xinhua) &#8212; Por temor a ser deportados de Rep\u00fablica Checa a su pa\u00eds de origen, algunos refugiados de la instalaci\u00f3n del centro de detenci\u00f3n de Drahonice comenzaron el martes una huelga de hambre y este mi\u00e9rcoles no se presentaron a desayunar, dijo una vocera del gobierno.<\/span><\/p>\n<p><span class=\"text1noticias\"> <\/span><\/p>\n<p><span class=\"text1noticias\">La vocera del Ministerio del Interior, Lucie Novakova, dijo hoy que los refugiados decidieron iniciar la huelga luego de que Rep\u00fablica Checa regres\u00f3 el martes a 40 extranjeros al pa\u00eds de la Uni\u00f3n Europea (UE) en el que solicitaron asilo.<\/span><\/p>\n<p><span class=\"text1noticias\"> <\/span><\/p>\n<p><span class=\"text1noticias\">Posteriormente se propag\u00f3 entre algunos refugiados la informaci\u00f3n falsa de que algunos extranjeros fueron enviados de regreso a su pa\u00eds de origen, dijo la vocera. Esta es la raz\u00f3n por la cual algunos de los refugiados empezaron a decir que podr\u00edan ponerse en huelga de hambre, dijo.<\/span><\/p>\n<p><span class=\"text1noticias\"> <\/span><\/p>\n<p><span class=\"text1noticias\">Voluntarios que trabajan en el centro informaron que la huelga de hambre contin\u00faa y que algunos de los refugiados que participan en ella enfrentan problemas de salud. Un voluntario dijo que tres refugiados se causaron ellos mismos lesiones.<\/span><\/p>\n<p><span class=\"text1noticias\"> <\/span><\/p>\n<p><span class=\"text1noticias\">De acuerdo con Novakova, el martes, 28 refugiados rechazaron la comida y 40 no se presentaron a desayunar hoy por la ma\u00f1ana.<\/span><\/p>\n<p><span class=\"text1noticias\"> <\/span><\/p>\n<p><span class=\"text1noticias\">La vocera dijo que no es claro cu\u00e1ntos refugiados han iniciado la huelga de hambre. El personal de la instalaci\u00f3n explic\u00f3 los hechos a los refugiados para tratar de convencerlos para que comieran.<\/span><\/p>\n<p><span class=\"text1noticias\"> <\/span><\/p>\n<p><span class=\"text1noticias\">Mikulas Vymetal, un sacerdote protestante en contacto con los refugiados, dijo que 44 de ellos, 43 iraqu\u00edes y un somal\u00ed, todos del centro de detenci\u00f3n de Drahonice, iniciaron la huelga de hambre para protestar por su prolongada detenci\u00f3n en Rep\u00fablica Checa y su posible deportaci\u00f3n a sus pa\u00edses de origen.<\/span><\/p>\n<p><span class=\"text1noticias\"> <\/span><\/p>\n<p><span class=\"text1noticias\">En una declaraci\u00f3n firmada con las iniciales de dos refugiados y presentada por Vymetal, se indica que los refugiados, en su mayor\u00eda iraqu\u00edes, se quejan de estar detenidos en el pa\u00eds durante m\u00e1s de 90 d\u00edas en algunos casos. Vymetal dijo que el temor de los refugiados viene del hecho de que algunos de ellos han recibido una decisi\u00f3n sobre su deportaci\u00f3n y temen el regreso a su pa\u00eds de origen.<\/span><\/p>\n<p><span class=\"text1noticias\"> <\/span><\/p>\n<p><span class=\"text1noticias\">El ministro del Interior checo, Milan Chovanec, dijo que es positivo que algunos migrantes indocumentados sean regresados al pa\u00eds en el que solicitaron asilo.<\/span><\/p>\n<p><span class=\"text1noticias\"> <\/span><\/p>\n<p><span class=\"text1noticias\">La antigua prisi\u00f3n de Drahonice fue convertida recientemente en centro de detenci\u00f3n para los migrantes indocumentados y opera desde principios de octubre. M\u00e1s de la mitad de sus 240 camas est\u00e1n ocupadas en la actualidad y s\u00f3lo hay hombres en la ins<\/span>talaci\u00f3n.<\/p>\n<h6> 2015-11-11 19:24:29 <\/h6>\n<p><!--\n<link rel=\"stylesheet\" href=\"css\/bootstrap.min.css\">\n\n\n<ul class=\"pagination\">\n\t    \n\t\n\n<li >\n\t<a href='?page_no=22141'>Previous<\/a>\n\t<\/li>\n\n\n       \n    \n\n<li><a href='?page_no=1'>1<\/a><\/li>\n\n\n\n<li><a href='?page_no=2'>2<\/a><\/li>\n\n\n\n<li><a>...<\/a><\/li>\n\n\n\n<li><a href='?page_no=22140'>22140<\/a><\/li>\n\n\n\n<li><a href='?page_no=22141'>22141<\/a><\/li>\n\n\n\n<li class='active'><a>22142<\/a><\/li>\n\n\n\n<li><a href='?page_no=22143'>22143<\/a><\/li>\n\n\n\n<li><a href='?page_no=22144'>22144<\/a><\/li>\n\n\n\n<li><a>...<\/a><\/li>\n\n\n\n<li><a href='?page_no=51012'>51012<\/a><\/li>\n\n\n\n<li><a href='?page_no=51013'>51013<\/a><\/li>\n\n    \n\t\n\n<li >\n\t<a href='?page_no=22143'>Next<\/a>\n\t<\/li>\n\n\n    \n\n<li><a href='?page_no=51013'>Last &rsaquo;&rsaquo;<\/a><\/li>\n\n<\/ul>\n\n\n--><br \/>\n<\/body><\/p>\n","protected":false},"excerpt":{"rendered":"<p>PRAGA, 12 nov (Xinhua) &#8212; Por temor a ser deportados de Rep\u00fablica Checa a su pa\u00eds de origen, algunos refugiados de la instalaci\u00f3n del centro de detenci\u00f3n de Drahonice comenzaron el martes una huelga de hambre y este mi\u00e9rcoles no se presentaron a desayunar, dijo una vocera del gobierno. La vocera del Ministerio del Interior, [&hellip;]<\/p>\n","protected":false},"author":3,"featured_media":0,"comment_status":"open","ping_status":"open","sticky":false,"template":"","format":"standard","meta":{"footnotes":""},"categories":[23],"tags":[],"class_list":["post-252497","post","type-post","status-publish","format-standard","hentry","category-internacional"],"_links":{"self":[{"href":"https:\/\/diariodominicano.com\/index.php?rest_route=\/wp\/v2\/posts\/252497","targetHints":{"allow":["GET"]}}],"collection":[{"href":"https:\/\/diariodominicano.com\/index.php?rest_route=\/wp\/v2\/posts"}],"about":[{"href":"https:\/\/diariodominicano.com\/index.php?rest_route=\/wp\/v2\/types\/post"}],"author":[{"embeddable":true,"href":"https:\/\/diariodominicano.com\/index.php?rest_route=\/wp\/v2\/users\/3"}],"replies":[{"embeddable":true,"href":"https:\/\/diariodominicano.com\/index.php?rest_route=%2Fwp%2Fv2%2Fcomments&post=252497"}],"version-history":[{"count":0,"href":"https:\/\/diariodominicano.com\/index.php?rest_route=\/wp\/v2\/posts\/252497\/revisions"}],"wp:attachment":[{"href":"https:\/\/diariodominicano.com\/index.php?rest_route=%2Fwp%2Fv2%2Fmedia&parent=252497"}],"wp:term":[{"taxonomy":"category","embeddable":true,"href":"https:\/\/diariodominicano.com\/index.php?rest_route=%2Fwp%2Fv2%2Fcategories&post=252497"},{"taxonomy":"post_tag","embeddable":true,"href":"https:\/\/diariodominicano.com\/index.php?rest_route=%2Fwp%2Fv2%2Ftags&post=252497"}],"curies":[{"name":"wp","href":"https:\/\/api.w.org\/{rel}","templated":true}]}}