{"id":252493,"date":"2015-11-12T09:50:02","date_gmt":"2015-11-12T09:50:02","guid":{"rendered":"http:\/\/diariodominicano.ddns.net\/?p=252493"},"modified":"2015-11-12T09:50:02","modified_gmt":"2015-11-12T09:50:02","slug":"la-habana-acoge-foro-internacional-sobre-ordenamiento-territorial-y-urbanismo","status":"publish","type":"post","link":"https:\/\/diariodominicano.com\/?p=252493","title":{"rendered":"La Habana acoge foro internacional sobre ordenamiento territorial y urbanismo"},"content":{"rendered":"<p><body><\/p>\n<p><img decoding=\"async\" src=\"img3\/134807165_14472946719501n.jpg\" \/>  <\/p>\n<p><strong>LA HABANA, 11 nov (Xinhua) &#8212; <\/strong>M\u00e1s de 400 especialistas de 13 pa\u00edses, incluido Cuba, participan desde hoy en la XV Convenci\u00f3n Internacional de Ordenamiento Territorial y Urbanismo, que se inaugur\u00f3 en el Palacio de Convenciones de La Habana.<\/p>\n<\/p>\n<p>Bajo el lema \u00abAsentamientos humanos, un desaf\u00edo para el siglo XXI\u00bb, los participantes iniciaron debates sobre el desarrollo urbano, el h\u00e1bitat, la prevenci\u00f3n de riesgos y la adaptaci\u00f3n al cambio clim\u00e1tico.<\/p>\n<\/p>\n<p>El presidente del Instituto cubano de planificaci\u00f3n f\u00edsica, Samuel Rodiles, expres\u00f3 que \u00abla Convenci\u00f3n es un espacio para desde diferentes \u00e1mbitos y perspectivas, examinar experiencias y proponer soluciones que contribuyan a la toma de mejores decisiones sobre el territorio y sus asentamientos humanos\u00bb.<\/p>\n<\/p>\n<p>Rodiles afirm\u00f3 que \u00absus contribuciones ser\u00e1n vitales para lograr un ordenamiento territorial superior y dise\u00f1o de ciudades sostenibles, admirables, ambientalmente m\u00e1s seguras y socialmente m\u00e1s inclusivas\u00bb.<\/p>\n<\/p>\n<p>La cita cuenta con la presencia de representantes del Programa de las Naciones Unidas para los Asentamientos Humanos (ONU-H\u00e1bitat), el Programa de las Naciones Unidas para el Desarrollo (PNUD), y la Agencia Suiza para la Cooperaci\u00f3n y el Desarrollo (Cosude).<\/p>\n<\/p>\n<p>Paralelo al evento te\u00f3rico, que se extender\u00e1 hasta el pr\u00f3ximo d\u00eda 13, permanecer\u00e1 abierta una exposici\u00f3n de trabajos de planeamiento realizados por el sistema de la planificaci\u00f3n f\u00edsica, que comprenden tem\u00e1ticas como zonas especiales, potencial tur\u00edstico, y urbanizaciones, entre otras.<\/p>\n<\/p>\n<p>Cuba trabaja por mejorar la planificaci\u00f3n f\u00edsica y las inversiones de las ciudades, como parte de la \u00abactualizaci\u00f3n\u00bb de su modelo econ\u00f3mico, y para ello ha desatado una cruzada contra las ilegalidades asociadas al ordenamiento territorial y urbano cometidas en las \u00faltimas dos d\u00e9cadas.<\/p>\n<h6> 2015-11-12 09:50:02 <\/h6>\n<p><!--\n<link rel=\"stylesheet\" href=\"css\/bootstrap.min.css\">\n\n\n<ul class=\"pagination\">\n\t    \n\t\n\n<li >\n\t<a href='?page_no=22137'>Previous<\/a>\n\t<\/li>\n\n\n       \n    \n\n<li><a href='?page_no=1'>1<\/a><\/li>\n\n\n\n<li><a href='?page_no=2'>2<\/a><\/li>\n\n\n\n<li><a>...<\/a><\/li>\n\n\n\n<li><a href='?page_no=22136'>22136<\/a><\/li>\n\n\n\n<li><a href='?page_no=22137'>22137<\/a><\/li>\n\n\n\n<li class='active'><a>22138<\/a><\/li>\n\n\n\n<li><a href='?page_no=22139'>22139<\/a><\/li>\n\n\n\n<li><a href='?page_no=22140'>22140<\/a><\/li>\n\n\n\n<li><a>...<\/a><\/li>\n\n\n\n<li><a href='?page_no=51012'>51012<\/a><\/li>\n\n\n\n<li><a href='?page_no=51013'>51013<\/a><\/li>\n\n    \n\t\n\n<li >\n\t<a href='?page_no=22139'>Next<\/a>\n\t<\/li>\n\n\n    \n\n<li><a href='?page_no=51013'>Last &rsaquo;&rsaquo;<\/a><\/li>\n\n<\/ul>\n\n\n--><br \/>\n<\/body><\/p>\n","protected":false},"excerpt":{"rendered":"<p>LA HABANA, 11 nov (Xinhua) &#8212; M\u00e1s de 400 especialistas de 13 pa\u00edses, incluido Cuba, participan desde hoy en la XV Convenci\u00f3n Internacional de Ordenamiento Territorial y Urbanismo, que se inaugur\u00f3 en el Palacio de Convenciones de La Habana. Bajo el lema \u00abAsentamientos humanos, un desaf\u00edo para el siglo XXI\u00bb, los participantes iniciaron debates sobre [&hellip;]<\/p>\n","protected":false},"author":3,"featured_media":0,"comment_status":"open","ping_status":"open","sticky":false,"template":"","format":"standard","meta":{"footnotes":""},"categories":[23],"tags":[],"class_list":["post-252493","post","type-post","status-publish","format-standard","hentry","category-internacional"],"_links":{"self":[{"href":"https:\/\/diariodominicano.com\/index.php?rest_route=\/wp\/v2\/posts\/252493","targetHints":{"allow":["GET"]}}],"collection":[{"href":"https:\/\/diariodominicano.com\/index.php?rest_route=\/wp\/v2\/posts"}],"about":[{"href":"https:\/\/diariodominicano.com\/index.php?rest_route=\/wp\/v2\/types\/post"}],"author":[{"embeddable":true,"href":"https:\/\/diariodominicano.com\/index.php?rest_route=\/wp\/v2\/users\/3"}],"replies":[{"embeddable":true,"href":"https:\/\/diariodominicano.com\/index.php?rest_route=%2Fwp%2Fv2%2Fcomments&post=252493"}],"version-history":[{"count":0,"href":"https:\/\/diariodominicano.com\/index.php?rest_route=\/wp\/v2\/posts\/252493\/revisions"}],"wp:attachment":[{"href":"https:\/\/diariodominicano.com\/index.php?rest_route=%2Fwp%2Fv2%2Fmedia&parent=252493"}],"wp:term":[{"taxonomy":"category","embeddable":true,"href":"https:\/\/diariodominicano.com\/index.php?rest_route=%2Fwp%2Fv2%2Fcategories&post=252493"},{"taxonomy":"post_tag","embeddable":true,"href":"https:\/\/diariodominicano.com\/index.php?rest_route=%2Fwp%2Fv2%2Ftags&post=252493"}],"curies":[{"name":"wp","href":"https:\/\/api.w.org\/{rel}","templated":true}]}}