{"id":252491,"date":"2015-11-12T12:41:50","date_gmt":"2015-11-12T12:41:50","guid":{"rendered":"http:\/\/diariodominicano.ddns.net\/?p=252491"},"modified":"2015-11-12T12:41:50","modified_gmt":"2015-11-12T12:41:50","slug":"expresidente-peruano-hace-campana-para-su-hija","status":"publish","type":"post","link":"https:\/\/diariodominicano.com\/?p=252491","title":{"rendered":"Expresidente peruano hace campa\u00f1a para su hija \t &#13;"},"content":{"rendered":"<p><body><\/p>\n<p><img decoding=\"async\" src=\"img3\/fujimori (1).jpg\" \/>  <\/p>\n<p><span class=\"text1noticias\">Lima, 12 nov (PL) Nuevas se\u00f1ales de influencia del exgobernante peruano preso Alberto Fujimori sobre la campa\u00f1a de su hija y candidata presidencial Keiko, contradicen hoy los intentos de esta de mostrar una imagen renovada, seg\u00fan diversos analistas.<\/span><\/p>\n<\/p>\n<p><span class=\"text1noticias\">El diario El Comercio hizo p\u00fablicos detalles sobre el activismo pol\u00edtico y proselitista del expresidente desde la exclusiva prisi\u00f3n en la que cumple una condena de 25 a\u00f1os de prisi\u00f3n por cr\u00edmenes de lesa humanidad y corrupci\u00f3n.<\/span><\/p>\n<\/p>\n<p><span class=\"text1noticias\">El informe precisa que en los tres meses previos Fujimori recibi\u00f3 653 visitas durante cinco d\u00edas por semana, dos m\u00e1s de los que le permiten las normas carcelarias.<\/span><\/p>\n<\/p>\n<p><span class=\"text1noticias\">\u00abLa mayor\u00eda de visitantes son autoridades en sus regiones y provincias de origen, empresarios o simplemente militantes y simpatizantes\u00bb que en muchos casos llegan a entregar aportes al plan de gobierno de Keiko o a coordinar su participaci\u00f3n en su campa\u00f1a electoral, se\u00f1ala la fuente. Uno de los visitantes, Juan Cayro Rojas, exgerente general del gobierno de la regi\u00f3n surandina de Puno, dijo al citado diario que Kenji, hermano de Keiko y tambi\u00e9n parlamentario, coordin\u00f3 la visita y que en esta se habl\u00f3 sobre su participaci\u00f3n en la campa\u00f1a en ese territorio y una posible candidatura al Congreso.<\/span><\/p>\n<\/p>\n<p><span class=\"text1noticias\">El comentarista de televisi\u00f3n Carlos Cornejo se\u00f1al\u00f3 que es lamentable el relajamiento de las normas de visita al preso y que es evidente que el exgobernante maneja la campa\u00f1a electoral de su hija, pese a declaraciones de esta que buscan proyectar una imagen diferente a la del gobierno de mano dura de su padre (1990-2000).<\/span><\/p>\n<\/p>\n<p><span class=\"text1noticias\">La revelaci\u00f3n se suma a una entrevista concedida clandestinamente por Fujimori -quien solo puede hablar con la prensa si lo autorizan las autoridades carcelarias- en la que apoya la candidatura de su hija como continuidad de su r\u00e9gimen.<\/span><\/p>\n<\/p>\n<p><span class=\"text1noticias\">\u00abEs claro que con ello se orienta a tratar de neutralizar o borrar, sin miramientos, los matices y tomas de distancia hechos por Keiko\u00bb al reconocer errores del gobierno de su padre y matizar la hostilidad del fujimorismo a las organizaciones de derechos humanos, opin\u00f3 el excanciller y analista Diego Garc\u00eda Say\u00e1n.<\/span><\/p>\n<\/p>\n<p><span class=\"text1noticias\">A\u00f1ade que el recluso echa por tierra \u00abcualquier intento de introducir matices o euilibrar su perfil pol\u00edtico para atraer al elector mayoritario\u00bb.<\/span><\/p>\n<\/p>\n<p><span class=\"text1noticias\">\u00abTerrible no solo para el pa\u00eds sino para la candidatura de Keiko Fujimori, cuya viabilidad se ver\u00eda trabada con un esquema retr\u00f3grado y repulsivo para una porci\u00f3n de la sociedad peruana suficientemente amplia para que ella no pueda ganar la elecci\u00f3n\u00bb, advierte.<\/span><\/p>\n<\/p>\n<p><span class=\"text1noticias\">Dice tambi\u00e9n que la inc\u00f3moda presencia del padre plantea a Keiko el dilema de alinearse con la perspectiva paterna o hacer gestos de cambio dejando de lado los \u00abpersonajes protag\u00f3nicos de las atrocidades cometidas durante el gobierno de su padre como en su intento de ocultamiento o banalizaci\u00f3n de las mismas\u00bb.<\/span><\/p>\n<h6> 2015-11-12 12:41:50 <\/h6>\n<p><!--\n<link rel=\"stylesheet\" href=\"css\/bootstrap.min.css\">\n\n\n<ul class=\"pagination\">\n\t    \n\t\n\n<li >\n\t<a href='?page_no=22135'>Previous<\/a>\n\t<\/li>\n\n\n       \n    \n\n<li><a href='?page_no=1'>1<\/a><\/li>\n\n\n\n<li><a href='?page_no=2'>2<\/a><\/li>\n\n\n\n<li><a>...<\/a><\/li>\n\n\n\n<li><a href='?page_no=22134'>22134<\/a><\/li>\n\n\n\n<li><a href='?page_no=22135'>22135<\/a><\/li>\n\n\n\n<li class='active'><a>22136<\/a><\/li>\n\n\n\n<li><a href='?page_no=22137'>22137<\/a><\/li>\n\n\n\n<li><a href='?page_no=22138'>22138<\/a><\/li>\n\n\n\n<li><a>...<\/a><\/li>\n\n\n\n<li><a href='?page_no=51012'>51012<\/a><\/li>\n\n\n\n<li><a href='?page_no=51013'>51013<\/a><\/li>\n\n    \n\t\n\n<li >\n\t<a href='?page_no=22137'>Next<\/a>\n\t<\/li>\n\n\n    \n\n<li><a href='?page_no=51013'>Last &rsaquo;&rsaquo;<\/a><\/li>\n\n<\/ul>\n\n\n--><br \/>\n<\/body><\/p>\n","protected":false},"excerpt":{"rendered":"<p>Lima, 12 nov (PL) Nuevas se\u00f1ales de influencia del exgobernante peruano preso Alberto Fujimori sobre la campa\u00f1a de su hija y candidata presidencial Keiko, contradicen hoy los intentos de esta de mostrar una imagen renovada, seg\u00fan diversos analistas. El diario El Comercio hizo p\u00fablicos detalles sobre el activismo pol\u00edtico y proselitista del expresidente desde la [&hellip;]<\/p>\n","protected":false},"author":3,"featured_media":0,"comment_status":"open","ping_status":"open","sticky":false,"template":"","format":"standard","meta":{"footnotes":""},"categories":[23],"tags":[],"class_list":["post-252491","post","type-post","status-publish","format-standard","hentry","category-internacional"],"_links":{"self":[{"href":"https:\/\/diariodominicano.com\/index.php?rest_route=\/wp\/v2\/posts\/252491","targetHints":{"allow":["GET"]}}],"collection":[{"href":"https:\/\/diariodominicano.com\/index.php?rest_route=\/wp\/v2\/posts"}],"about":[{"href":"https:\/\/diariodominicano.com\/index.php?rest_route=\/wp\/v2\/types\/post"}],"author":[{"embeddable":true,"href":"https:\/\/diariodominicano.com\/index.php?rest_route=\/wp\/v2\/users\/3"}],"replies":[{"embeddable":true,"href":"https:\/\/diariodominicano.com\/index.php?rest_route=%2Fwp%2Fv2%2Fcomments&post=252491"}],"version-history":[{"count":0,"href":"https:\/\/diariodominicano.com\/index.php?rest_route=\/wp\/v2\/posts\/252491\/revisions"}],"wp:attachment":[{"href":"https:\/\/diariodominicano.com\/index.php?rest_route=%2Fwp%2Fv2%2Fmedia&parent=252491"}],"wp:term":[{"taxonomy":"category","embeddable":true,"href":"https:\/\/diariodominicano.com\/index.php?rest_route=%2Fwp%2Fv2%2Fcategories&post=252491"},{"taxonomy":"post_tag","embeddable":true,"href":"https:\/\/diariodominicano.com\/index.php?rest_route=%2Fwp%2Fv2%2Ftags&post=252491"}],"curies":[{"name":"wp","href":"https:\/\/api.w.org\/{rel}","templated":true}]}}