{"id":252490,"date":"2015-11-12T12:46:52","date_gmt":"2015-11-12T12:46:52","guid":{"rendered":"http:\/\/diariodominicano.ddns.net\/?p=252490"},"modified":"2015-11-12T12:46:52","modified_gmt":"2015-11-12T12:46:52","slug":"gobierno-interino-seria-peor-solucion-en-portugal-dicen-socialistas","status":"publish","type":"post","link":"https:\/\/diariodominicano.com\/?p=252490","title":{"rendered":"Gobierno interino ser\u00eda peor soluci\u00f3n en Portugal, dicen socialistas\t &#13;"},"content":{"rendered":"<p><body><\/p>\n<p><img decoding=\"async\" src=\"img3\/antonio-costa.jpg\" \/>  <\/p>\n<p><span class=\"text1noticias\">Lisboa, 12 nov (PL) El l\u00edder del Partido Socialista (PS), Antonio Costa, alert\u00f3 hoy que un gobierno interino ser\u00eda la peor soluci\u00f3n para Portugal, y ratific\u00f3 que su formaci\u00f3n ofrece una opci\u00f3n de estabilidad a largo plazo.<\/span><\/p>\n<\/p>\n<p><span class=\"text1noticias\">As\u00ed se pronunci\u00f3 en referencia a la decisi\u00f3n que debe tomar el presidente luso, An\u00edbal Cavaco Silva, quien est\u00e1 llamado a validar la formaci\u00f3n de un Ejecutivo de centro-izquierda encabezado por el PS, o dejar una administraci\u00f3n en funciones hasta la celebraci\u00f3n de elecciones anticipadas.<\/span><\/p>\n<\/p>\n<p><span class=\"text1noticias\">Hace dos d\u00edas una in\u00e9dita alianza de centro-izquierda aprob\u00f3 una moci\u00f3n de censura en el Parlamento contra el gobierno conservador de Pedro Passos Coelho y provoc\u00f3 su ca\u00edda solo 11 d\u00edas despu\u00e9s de la investidura.<\/span><\/p>\n<\/p>\n<p><span class=\"text1noticias\">Aunque la coalici\u00f3n de socialdem\u00f3cratas y el Centro Democr\u00e1tico Social gan\u00f3 las elecciones del 4 de octubre, perdi\u00f3 la mayor\u00eda absoluta y fracas\u00f3 en su intento de formar gobierno en minor\u00eda dado el novedoso acuerdo mayoritario entre Socialistas, el Bloque de Izquierdas, los Comunistas y los Verdes.<\/span><\/p>\n<\/p>\n<p><span class=\"text1noticias\">Mientras el pa\u00eds espera la decisi\u00f3n del jefe de Estado, el l\u00edder socialista asegur\u00f3 que un Ejecutivo interino sumir\u00eda al pa\u00eds en la incertidumbre hasta las nuevas elecciones (que no pueden acontecer antes de seis meses), lo cual ser\u00eda la peor soluci\u00f3n.<\/span><\/p>\n<\/p>\n<p><span class=\"text1noticias\">Reafirm\u00f3 que su partido ofrece al pa\u00eds una soluci\u00f3n que garantizar\u00e1 la estabilidad y gobernabilidad, gracias al amplio consenso logrado entre las formaciones de centro-izquierda.<\/span><\/p>\n<\/p>\n<p><span class=\"text1noticias\">En entrevista con la revista Visao, asegur\u00f3 estar en condiciones de presentar de inmediato un programa de gesti\u00f3n as\u00ed como los eventuales miembros de Gabinete para los pr\u00f3ximos cuatro a\u00f1os.<\/span><\/p>\n<\/p>\n<p><span class=\"text1noticias\">Por su parte, el presidente del \u00f3rgano legislativo, el tambi\u00e9n socialista Eduardo Ferro Rodrigues, llam\u00f3 ayer al presidente a tomar una resoluci\u00f3n lo antes posible.<\/span><\/p>\n<\/p>\n<p><span class=\"text1noticias\">Tras reunirse con el jefe de Estado, indic\u00f3 que \u00abprolongar esta situaci\u00f3n mucho tiempo ser\u00eda malo para el pa\u00eds, tanto pol\u00edtica como financieramente\u00bb, pero a\u00f1adi\u00f3 confiar en que eso \u00abno suceder\u00e1\u00bb.<\/span><\/p>\n<\/p>\n<p><span class=\"text1noticias\">Cavaco Silva inici\u00f3 las reuniones con representantes de los diferentes partidos previstas antes de tomar una decisi\u00f3n, y comenz\u00f3 con Passos Coelho, quien le present\u00f3 formalmente su renuncia.<\/span><\/p>\n<\/p>\n<p><span class=\"text1noticias\">Aunque muchos apuntan como viable la formaci\u00f3n del gobierno encabezado por el PS, otros se mantiene reticentes respecto a que el presidente, un socialdem\u00f3crata, favorezca esa opci\u00f3n, pues ello implicar\u00eda un golpe para un propio partido.<\/span><\/p>\n<\/p>\n<p><span class=\"text1noticias\">No obstante, los analistas coinciden en que dejar un gobierno temporal ser\u00eda contraproducente, sobre todo en una naci\u00f3n castigada por a\u00f1os de crisis econ\u00f3mica y austeridad.<\/span><\/p>\n<\/p>\n<p><span class=\"text1noticias\">El PS asegura que dedicar\u00eda su gesti\u00f3n a tomar medidas para revertir los efectos de la austeridad aplicada durante cuatro a\u00f1os por la coalici\u00f3n conservadora.<\/span><\/p>\n<h6> 2015-11-12 12:46:52 <\/h6>\n<p><!--\n<link rel=\"stylesheet\" href=\"css\/bootstrap.min.css\">\n\n\n<ul class=\"pagination\">\n\t    \n\t\n\n<li >\n\t<a href='?page_no=22134'>Previous<\/a>\n\t<\/li>\n\n\n       \n    \n\n<li><a href='?page_no=1'>1<\/a><\/li>\n\n\n\n<li><a href='?page_no=2'>2<\/a><\/li>\n\n\n\n<li><a>...<\/a><\/li>\n\n\n\n<li><a href='?page_no=22133'>22133<\/a><\/li>\n\n\n\n<li><a href='?page_no=22134'>22134<\/a><\/li>\n\n\n\n<li class='active'><a>22135<\/a><\/li>\n\n\n\n<li><a href='?page_no=22136'>22136<\/a><\/li>\n\n\n\n<li><a href='?page_no=22137'>22137<\/a><\/li>\n\n\n\n<li><a>...<\/a><\/li>\n\n\n\n<li><a href='?page_no=51012'>51012<\/a><\/li>\n\n\n\n<li><a href='?page_no=51013'>51013<\/a><\/li>\n\n    \n\t\n\n<li >\n\t<a href='?page_no=22136'>Next<\/a>\n\t<\/li>\n\n\n    \n\n<li><a href='?page_no=51013'>Last &rsaquo;&rsaquo;<\/a><\/li>\n\n<\/ul>\n\n\n--><br \/>\n<\/body><\/p>\n","protected":false},"excerpt":{"rendered":"<p>Lisboa, 12 nov (PL) El l\u00edder del Partido Socialista (PS), Antonio Costa, alert\u00f3 hoy que un gobierno interino ser\u00eda la peor soluci\u00f3n para Portugal, y ratific\u00f3 que su formaci\u00f3n ofrece una opci\u00f3n de estabilidad a largo plazo. As\u00ed se pronunci\u00f3 en referencia a la decisi\u00f3n que debe tomar el presidente luso, An\u00edbal Cavaco Silva, quien [&hellip;]<\/p>\n","protected":false},"author":3,"featured_media":0,"comment_status":"open","ping_status":"open","sticky":false,"template":"","format":"standard","meta":{"footnotes":""},"categories":[23],"tags":[],"class_list":["post-252490","post","type-post","status-publish","format-standard","hentry","category-internacional"],"_links":{"self":[{"href":"https:\/\/diariodominicano.com\/index.php?rest_route=\/wp\/v2\/posts\/252490","targetHints":{"allow":["GET"]}}],"collection":[{"href":"https:\/\/diariodominicano.com\/index.php?rest_route=\/wp\/v2\/posts"}],"about":[{"href":"https:\/\/diariodominicano.com\/index.php?rest_route=\/wp\/v2\/types\/post"}],"author":[{"embeddable":true,"href":"https:\/\/diariodominicano.com\/index.php?rest_route=\/wp\/v2\/users\/3"}],"replies":[{"embeddable":true,"href":"https:\/\/diariodominicano.com\/index.php?rest_route=%2Fwp%2Fv2%2Fcomments&post=252490"}],"version-history":[{"count":0,"href":"https:\/\/diariodominicano.com\/index.php?rest_route=\/wp\/v2\/posts\/252490\/revisions"}],"wp:attachment":[{"href":"https:\/\/diariodominicano.com\/index.php?rest_route=%2Fwp%2Fv2%2Fmedia&parent=252490"}],"wp:term":[{"taxonomy":"category","embeddable":true,"href":"https:\/\/diariodominicano.com\/index.php?rest_route=%2Fwp%2Fv2%2Fcategories&post=252490"},{"taxonomy":"post_tag","embeddable":true,"href":"https:\/\/diariodominicano.com\/index.php?rest_route=%2Fwp%2Fv2%2Ftags&post=252490"}],"curies":[{"name":"wp","href":"https:\/\/api.w.org\/{rel}","templated":true}]}}