{"id":252489,"date":"2015-11-12T12:50:53","date_gmt":"2015-11-12T12:50:53","guid":{"rendered":"http:\/\/diariodominicano.ddns.net\/?p=252489"},"modified":"2015-11-12T12:50:53","modified_gmt":"2015-11-12T12:50:53","slug":"canciller-frances-pedira-explicacion-por-supuesto-espionaje-aleman","status":"publish","type":"post","link":"https:\/\/diariodominicano.com\/?p=252489","title":{"rendered":"Canciller franc\u00e9s pedir\u00e1 explicaci\u00f3n por supuesto espionaje alem\u00e1n &#13;"},"content":{"rendered":"<p><body><\/p>\n<p><img decoding=\"async\" src=\"img3\/laurent_fabius.jpg\" \/>  <\/p>\n<p><span class=\"text1noticias\">  <\/span><\/p>\n<p><span class=\"text1noticias\">Par\u00eds, 12 nov (PL) El canciller franc\u00e9s, Laurent Fabius, comunic\u00f3 que pedir\u00e1 explicaciones al gobierno de Alemania tras divulgarse informaciones de que fue espiado por parte de la inteligencia germana.<\/span><\/p>\n<\/p>\n<p><span class=\"text1noticias\">Seg\u00fan la radio p\u00fablica Berlin-Brandenburgo, Fabius fue puesto bajo escucha por el BND, servicio de informaci\u00f3n exterior alem\u00e1n.<\/span><\/p>\n<\/p>\n<p><span class=\"text1noticias\">Tambi\u00e9n fueron espiados el Tribunal Internacional de La Haya, el Fondo de las Naciones Unidas para la Infancia, la Organizaci\u00f3n Mundial de la Salud, el FBI y compa\u00f1\u00edas tanto europeas como estadounidenses.<\/span><\/p>\n<\/p>\n<p><span class=\"text1noticias\">La informaci\u00f3n no fue confirmada ni desmentida por Berl\u00edn, que asegur\u00f3 que aclarar\u00e1 completamente la situaci\u00f3n, en un contexto marcado reiteradas revelaciones de ese tipo divulgadas en los \u00faltimos meses.<\/span><\/p>\n<\/p>\n<p><span class=\"text1noticias\">En junio pasado, la prensa francesa se hizo eco documentos de WikiLeaks en los que se asegura que Estados Unidos espi\u00f3 a los tres \u00faltimos presidentes galos, al menos entre 2006 y 2012.<\/span><\/p>\n<\/p>\n<p><span class=\"text1noticias\">La Agencia Nacional de Seguridad estadounidense (NSA) pinch\u00f3 las comunicaciones de Jacques Chirac, Nicol\u00e1s Sarkozy y Fran\u00e7ois Hollande, as\u00ed como de sus cercanos colaboradores.<\/span><\/p>\n<\/p>\n<p><span class=\"text1noticias\">El Palacio del El\u00edseo calific\u00f3 de inaceptable el supuesto espionaje y remarc\u00f3 que esta naci\u00f3n europea no tolerar\u00e1 ning\u00fan acto que cuestione su seguridad y la protecci\u00f3n de sus intereses.<\/span><\/p>\n<\/p>\n<p><span class=\"text1noticias\">Unido a ello, un art\u00edculo publicado por el semanario Le Nouvel Observateur asegur\u00f3 en julio \u00faltimo que desde hace varios a\u00f1os Francia esp\u00eda las comunicaciones internacionales que transitan por los cables submarinos que unen a Europa con el resto del mundo.<\/span><\/p>\n<\/p>\n<p><span class=\"text1noticias\">La pr\u00e1ctica fue autorizada en 2008 a la Direcci\u00f3n General de Seguridad Exterior por el entonces presidente Nicol\u00e1s Sarkozy.<\/span><\/p>\n<\/p>\n<p><span class=\"text1noticias\">Acorde con la informaci\u00f3n divulgada por la publicaci\u00f3n, Hollande autoriz\u00f3 a la Direcci\u00f3n a extender las mencionadas operaciones a otros cables en un nuevo plan quinquenal (2014-2019).<\/span><\/p>\n<\/p>\n<p><span class=\"text1noticias\">La publicaci\u00f3n remarc\u00f3 que tal situaci\u00f3n explica la \u00absorprendente moderaci\u00f3n\u00bb tras las revelaciones de Wikileaks sobre el espionaje a tres presidentes por parte de Washington.<\/span><\/p>\n<h6> 2015-11-12 12:50:53 <\/h6>\n<p><!--\n<link rel=\"stylesheet\" href=\"css\/bootstrap.min.css\">\n\n\n<ul class=\"pagination\">\n\t    \n\t\n\n<li >\n\t<a href='?page_no=22133'>Previous<\/a>\n\t<\/li>\n\n\n       \n    \n\n<li><a href='?page_no=1'>1<\/a><\/li>\n\n\n\n<li><a href='?page_no=2'>2<\/a><\/li>\n\n\n\n<li><a>...<\/a><\/li>\n\n\n\n<li><a href='?page_no=22132'>22132<\/a><\/li>\n\n\n\n<li><a href='?page_no=22133'>22133<\/a><\/li>\n\n\n\n<li class='active'><a>22134<\/a><\/li>\n\n\n\n<li><a href='?page_no=22135'>22135<\/a><\/li>\n\n\n\n<li><a href='?page_no=22136'>22136<\/a><\/li>\n\n\n\n<li><a>...<\/a><\/li>\n\n\n\n<li><a href='?page_no=51012'>51012<\/a><\/li>\n\n\n\n<li><a href='?page_no=51013'>51013<\/a><\/li>\n\n    \n\t\n\n<li >\n\t<a href='?page_no=22135'>Next<\/a>\n\t<\/li>\n\n\n    \n\n<li><a href='?page_no=51013'>Last &rsaquo;&rsaquo;<\/a><\/li>\n\n<\/ul>\n\n\n--><br \/>\n<\/body><\/p>\n","protected":false},"excerpt":{"rendered":"<p>Par\u00eds, 12 nov (PL) El canciller franc\u00e9s, Laurent Fabius, comunic\u00f3 que pedir\u00e1 explicaciones al gobierno de Alemania tras divulgarse informaciones de que fue espiado por parte de la inteligencia germana. Seg\u00fan la radio p\u00fablica Berlin-Brandenburgo, Fabius fue puesto bajo escucha por el BND, servicio de informaci\u00f3n exterior alem\u00e1n. Tambi\u00e9n fueron espiados el Tribunal Internacional de [&hellip;]<\/p>\n","protected":false},"author":3,"featured_media":0,"comment_status":"open","ping_status":"open","sticky":false,"template":"","format":"standard","meta":{"footnotes":""},"categories":[23],"tags":[],"class_list":["post-252489","post","type-post","status-publish","format-standard","hentry","category-internacional"],"_links":{"self":[{"href":"https:\/\/diariodominicano.com\/index.php?rest_route=\/wp\/v2\/posts\/252489","targetHints":{"allow":["GET"]}}],"collection":[{"href":"https:\/\/diariodominicano.com\/index.php?rest_route=\/wp\/v2\/posts"}],"about":[{"href":"https:\/\/diariodominicano.com\/index.php?rest_route=\/wp\/v2\/types\/post"}],"author":[{"embeddable":true,"href":"https:\/\/diariodominicano.com\/index.php?rest_route=\/wp\/v2\/users\/3"}],"replies":[{"embeddable":true,"href":"https:\/\/diariodominicano.com\/index.php?rest_route=%2Fwp%2Fv2%2Fcomments&post=252489"}],"version-history":[{"count":0,"href":"https:\/\/diariodominicano.com\/index.php?rest_route=\/wp\/v2\/posts\/252489\/revisions"}],"wp:attachment":[{"href":"https:\/\/diariodominicano.com\/index.php?rest_route=%2Fwp%2Fv2%2Fmedia&parent=252489"}],"wp:term":[{"taxonomy":"category","embeddable":true,"href":"https:\/\/diariodominicano.com\/index.php?rest_route=%2Fwp%2Fv2%2Fcategories&post=252489"},{"taxonomy":"post_tag","embeddable":true,"href":"https:\/\/diariodominicano.com\/index.php?rest_route=%2Fwp%2Fv2%2Ftags&post=252489"}],"curies":[{"name":"wp","href":"https:\/\/api.w.org\/{rel}","templated":true}]}}