{"id":252488,"date":"2015-11-12T12:55:18","date_gmt":"2015-11-12T12:55:18","guid":{"rendered":"http:\/\/diariodominicano.ddns.net\/?p=252488"},"modified":"2015-11-12T12:55:18","modified_gmt":"2015-11-12T12:55:18","slug":"mesa-social-gran-convergencia-para-la-paz-de-colombia-congresista","status":"publish","type":"post","link":"https:\/\/diariodominicano.com\/?p=252488","title":{"rendered":"Mesa social, gran convergencia para la paz de Colombia: congresista"},"content":{"rendered":"<p><body><\/p>\n<p><img decoding=\"async\" src=\"img3\/cepedalibro1.jpg\" \/>  <\/p>\n<p><span class=\"text1noticias\">\t <\/span><\/p>\n<p><span class=\"text1noticias\">  <\/span><\/p>\n<p><span class=\"text1noticias\">Por Adalys Pilar Mireles<\/span><\/p>\n<\/p>\n<p><span class=\"text1noticias\">Bogot\u00e1, 12 nov (PL) El senador colombiano Iv\u00e1n Cepeda afirm\u00f3 hoy que la mesa social para la paz constituir\u00e1 un espacio de convergencia relevante dentro de los esfuerzos para construir un nuevo escenario de distensi\u00f3n desde los territorios.<\/span><\/p>\n<\/p>\n<\/p>\n<p><span class=\"text1noticias\">Ese bloque -dijo- re\u00fane a sectores como el Congreso de los Pueblos, asociaciones campesinas, ind\u00edgenas y de otro perfil, los cuales plantean un enfoque pacifista desde la perspectiva de las regiones y el respeto a las comunidades, subray\u00f3 el congresista en declaraciones a Prensa Latina.<\/span><\/p>\n<\/p>\n<p><span class=\"text1noticias\">Particularmente destac\u00f3 el surgimiento de ese proyecto en momentos cuando avanzan las conversaciones entre el Gobierno y las insurgentes Fuerzas Armadas Revolucionarias de Colombia-Ej\u00e9rcito del Pueblo (FARC-EP) y se vislumbra el comienzo de pl\u00e1ticas formales con el ELN, involucrado tambi\u00e9n en la larga conflagraci\u00f3n interna.<\/span><\/p>\n<\/p>\n<p><span class=\"text1noticias\">Seg\u00fan Cepeda la mesa social constituida la semana previa favorecer\u00e1 el di\u00e1logo dentro de las localidades en consonancia con los progresos de las negociaciones para hallar una salida concertada a la confrontaci\u00f3n b\u00e9lica.<\/span><\/p>\n<\/p>\n<p><span class=\"text1noticias\">La paz de Colombia est\u00e1 incompleta sin el aporte de todos a la soluci\u00f3n de los conflictos que dieron origen a la guerra, afirmaron promotores de la nueva estructura la cual propiciar\u00e1 la creaci\u00f3n de un espacio de debate directo entre el movimiento popular y los poderes tanto institucionales como econ\u00f3micos alrededor de los problemas que sufre el pa\u00eds.<\/span><\/p>\n<\/p>\n<p><span class=\"text1noticias\">Tal instancia funcionar\u00e1 con una agenda propia y de forma paralela a la instalada en La Habana desde 2012 entre representantes gubernamentales y de las FARC-EP, como reflejo de la activa participaci\u00f3n de la sociedad civil en las gestiones pacificadoras.<\/span><\/p>\n<\/p>\n<p><span class=\"text1noticias\">Adem\u00e1s de respaldar tal proceso como soluci\u00f3n pol\u00edtica a la guerra analizar\u00e1 otros t\u00f3picos o problem\u00e1ticas no incluidos en las reflexiones con sede en Cuba.<\/span><\/p>\n<\/p>\n<p><span class=\"text1noticias\">Como resultado de los di\u00e1logos en la capital cubana ambas delegaciones lograron consensos en los temas de reforma rural integral, participaci\u00f3n pol\u00edtica centrada en la profundizaci\u00f3n de la democracia, y combate a las drogas il\u00edcitas.<\/span><\/p>\n<\/p>\n<p><span class=\"text1noticias\">Adicionalmente rubricaron un pacto para la b\u00fasqueda de desaparecidos, el desminado en el territorio nacional y un tercero en materia de justicia transicional el cual, aunque con algunos asuntos por perfilar, contempla los presupuestos b\u00e1sicos para investigar, juzgar y sancionar a actores de la contienda, \u00fanica en el continente.<\/span><\/p>\n<\/p>\n<p><span class=\"text1noticias\">De momento los acercamientos con el Ej\u00e9rcito de Liberaci\u00f3n Nacional (ELN) se limitaron a aproximaciones exploratorias.<\/span><\/p>\n<h6> 2015-11-12 12:55:18 <\/h6>\n<p><!--\n<link rel=\"stylesheet\" href=\"css\/bootstrap.min.css\">\n\n\n<ul class=\"pagination\">\n\t    \n\t\n\n<li >\n\t<a href='?page_no=22132'>Previous<\/a>\n\t<\/li>\n\n\n       \n    \n\n<li><a href='?page_no=1'>1<\/a><\/li>\n\n\n\n<li><a href='?page_no=2'>2<\/a><\/li>\n\n\n\n<li><a>...<\/a><\/li>\n\n\n\n<li><a href='?page_no=22131'>22131<\/a><\/li>\n\n\n\n<li><a href='?page_no=22132'>22132<\/a><\/li>\n\n\n\n<li class='active'><a>22133<\/a><\/li>\n\n\n\n<li><a href='?page_no=22134'>22134<\/a><\/li>\n\n\n\n<li><a href='?page_no=22135'>22135<\/a><\/li>\n\n\n\n<li><a>...<\/a><\/li>\n\n\n\n<li><a href='?page_no=51012'>51012<\/a><\/li>\n\n\n\n<li><a href='?page_no=51013'>51013<\/a><\/li>\n\n    \n\t\n\n<li >\n\t<a href='?page_no=22134'>Next<\/a>\n\t<\/li>\n\n\n    \n\n<li><a href='?page_no=51013'>Last &rsaquo;&rsaquo;<\/a><\/li>\n\n<\/ul>\n\n\n--><br \/>\n<\/body><\/p>\n","protected":false},"excerpt":{"rendered":"<p>Por Adalys Pilar Mireles Bogot\u00e1, 12 nov (PL) El senador colombiano Iv\u00e1n Cepeda afirm\u00f3 hoy que la mesa social para la paz constituir\u00e1 un espacio de convergencia relevante dentro de los esfuerzos para construir un nuevo escenario de distensi\u00f3n desde los territorios. Ese bloque -dijo- re\u00fane a sectores como el Congreso de los Pueblos, asociaciones [&hellip;]<\/p>\n","protected":false},"author":3,"featured_media":0,"comment_status":"open","ping_status":"open","sticky":false,"template":"","format":"standard","meta":{"footnotes":""},"categories":[23],"tags":[],"class_list":["post-252488","post","type-post","status-publish","format-standard","hentry","category-internacional"],"_links":{"self":[{"href":"https:\/\/diariodominicano.com\/index.php?rest_route=\/wp\/v2\/posts\/252488","targetHints":{"allow":["GET"]}}],"collection":[{"href":"https:\/\/diariodominicano.com\/index.php?rest_route=\/wp\/v2\/posts"}],"about":[{"href":"https:\/\/diariodominicano.com\/index.php?rest_route=\/wp\/v2\/types\/post"}],"author":[{"embeddable":true,"href":"https:\/\/diariodominicano.com\/index.php?rest_route=\/wp\/v2\/users\/3"}],"replies":[{"embeddable":true,"href":"https:\/\/diariodominicano.com\/index.php?rest_route=%2Fwp%2Fv2%2Fcomments&post=252488"}],"version-history":[{"count":0,"href":"https:\/\/diariodominicano.com\/index.php?rest_route=\/wp\/v2\/posts\/252488\/revisions"}],"wp:attachment":[{"href":"https:\/\/diariodominicano.com\/index.php?rest_route=%2Fwp%2Fv2%2Fmedia&parent=252488"}],"wp:term":[{"taxonomy":"category","embeddable":true,"href":"https:\/\/diariodominicano.com\/index.php?rest_route=%2Fwp%2Fv2%2Fcategories&post=252488"},{"taxonomy":"post_tag","embeddable":true,"href":"https:\/\/diariodominicano.com\/index.php?rest_route=%2Fwp%2Fv2%2Ftags&post=252488"}],"curies":[{"name":"wp","href":"https:\/\/api.w.org\/{rel}","templated":true}]}}