{"id":252487,"date":"2015-11-12T13:00:52","date_gmt":"2015-11-12T13:00:52","guid":{"rendered":"http:\/\/diariodominicano.ddns.net\/?p=252487"},"modified":"2015-11-12T13:00:52","modified_gmt":"2015-11-12T13:00:52","slug":"europa-y-africa-aprueban-plan-para-enfrentar-crisis-migratoria","status":"publish","type":"post","link":"https:\/\/diariodominicano.com\/?p=252487","title":{"rendered":"&#13;Europa y \u00c1frica aprueban plan para enfrentar crisis migratoria"},"content":{"rendered":"<p><body><\/p>\n<p><img decoding=\"async\" src=\"img3\/migracion-cumbre-lavalleta1.jpg\" \/>  <\/p>\n<p><span class=\"text1noticias\">  <\/span><\/p>\n<p><span class=\"text1noticias\"> La Valeta, 12 nov (PL) La cumbre de la Uni\u00f3n Europea (UE) y \u00c1frica sobre migraci\u00f3n concluy\u00f3 hoy en esta capital, tras la aprobaci\u00f3n de un plan de acciones concretas, cuya implementaci\u00f3n se prev\u00e9 sea antes de de finales de 2016.<\/span><\/p>\n<\/p>\n<p><span class=\"text1noticias\">Como parte del acuerdo alcanzado, la UE se comprometi\u00f3 a crear un fondo fiduciario de ayuda a \u00c1frica de mil 878 millones de euros, mil 722 millones menos de lo esperado.<\/span><\/p>\n<\/p>\n<p><span class=\"text1noticias\">Se supon\u00eda que los Estados miembros del bloque proporcionar\u00edan mil 800 millones para completar los tres mil 600 anunciados por la directiva comunitaria, pero los 28 se negaron a donar esa cifra.<\/span><\/p>\n<\/p>\n<p><span class=\"text1noticias\">Con el prop\u00f3sito de supervisar la utilizaci\u00f3n del dinero disponible, se conform\u00f3 un consejo estrat\u00e9gico que deber\u00e1 velar por su efectividad en el impulso de las iniciativas acordadas.<\/span><\/p>\n<\/p>\n<p><span class=\"text1noticias\">El presidente de la Comisi\u00f3n Europea, Jean Claude Juncker, destac\u00f3 la rapidez con que se estableci\u00f3 el fondo, en tanto el mandatario nigerino Issoufou Mahamadou alert\u00f3 sobre la insuficiencia de esa medida ante la creciente crisis migratoria.<\/span><\/p>\n<\/p>\n<p><span class=\"text1noticias\">Los participantes en la cumbre emitieron una declaraci\u00f3n pol\u00edtica y una estrategia conjunta dirigida a intensificar la lucha contra redes de tr\u00e1fico de personas, perfeccionar las v\u00edas de acceso legal para los refugiados y asegurar la protecci\u00f3n de los migrantes.<\/span><\/p>\n<\/p>\n<p><span class=\"text1noticias\">Asimismo, se acord\u00f3 trabajar para agilizar las deportaciones de quienes se considere no tienen derecho a protecci\u00f3n internacional, pero los l\u00edderes africanos insistieron en el car\u00e1cter voluntario de la repatriaci\u00f3n de los indocumentados.<\/span><\/p>\n<\/p>\n<p><span class=\"text1noticias\">El presidente del Consejo Europeo, Donald Tusk, calific\u00f3 de \u00abpaso crucial\u00bb el acuerdo alcanzado hoy, pero consider\u00f3 un reto su correcta aplicaci\u00f3n.<\/span><\/p>\n<\/p>\n<p><span class=\"text1noticias\">\u00abNo nos hacemos ilusiones con que la situaci\u00f3n vaya a cambiar de la noche a la ma\u00f1ana\u00bb, asever\u00f3.<\/span><\/p>\n<\/p>\n<p><span class=\"text1noticias\">Por otra parte, se\u00f1al\u00f3 que la UE libra una carrera contra reloj para salvar el espacio Schengen de libre movilidad y \u00abest\u00e1 dispuesta a ganarla\u00bb.<\/span><\/p>\n<\/p>\n<p><span class=\"text1noticias\">Tras la cumbre, los jefes de Estado y de Gobierno de la UE se dispon\u00edan a participar en una reuni\u00f3n extraordinaria donde realizar\u00e1n un balance de las medidas tomadas hasta el momento para hacer frente a la situaci\u00f3n actual.<\/span><\/p>\n<\/p>\n<p><span class=\"text1noticias\">Entre los temas que debatir\u00e1n los 28 se encuentran el aumento de la cooperaci\u00f3n con pa\u00edses como Turqu\u00eda, el incremento de la seguridad en las fronteras exteriores del bloque y el reforzamiento de misiones navales en el mar Mediterr\u00e1neo.<\/span><\/p>\n<\/p>\n<p><span class=\"text1noticias\">Por otra parte, Suecia comunic\u00f3 hoy el establecimiento de controles fronterizos durante 10 d\u00edas para enfrentar la continua llegada de indocumentados.<\/span><\/p>\n<\/p>\n<p><span class=\"text1noticias\">Dicha decisi\u00f3n fue justificada por el Gobierno de ese pa\u00eds que asegur\u00f3 encontrarse en una situaci\u00f3n l\u00edmite.<\/span><\/p>\n<h6> 2015-11-12 13:00:52 <\/h6>\n<p><!--\n<link rel=\"stylesheet\" href=\"css\/bootstrap.min.css\">\n\n\n<ul class=\"pagination\">\n\t    \n\t\n\n<li >\n\t<a href='?page_no=22131'>Previous<\/a>\n\t<\/li>\n\n\n       \n    \n\n<li><a href='?page_no=1'>1<\/a><\/li>\n\n\n\n<li><a href='?page_no=2'>2<\/a><\/li>\n\n\n\n<li><a>...<\/a><\/li>\n\n\n\n<li><a href='?page_no=22130'>22130<\/a><\/li>\n\n\n\n<li><a href='?page_no=22131'>22131<\/a><\/li>\n\n\n\n<li class='active'><a>22132<\/a><\/li>\n\n\n\n<li><a href='?page_no=22133'>22133<\/a><\/li>\n\n\n\n<li><a href='?page_no=22134'>22134<\/a><\/li>\n\n\n\n<li><a>...<\/a><\/li>\n\n\n\n<li><a href='?page_no=51012'>51012<\/a><\/li>\n\n\n\n<li><a href='?page_no=51013'>51013<\/a><\/li>\n\n    \n\t\n\n<li >\n\t<a href='?page_no=22133'>Next<\/a>\n\t<\/li>\n\n\n    \n\n<li><a href='?page_no=51013'>Last &rsaquo;&rsaquo;<\/a><\/li>\n\n<\/ul>\n\n\n--><br \/>\n<\/body><\/p>\n","protected":false},"excerpt":{"rendered":"<p>La Valeta, 12 nov (PL) La cumbre de la Uni\u00f3n Europea (UE) y \u00c1frica sobre migraci\u00f3n concluy\u00f3 hoy en esta capital, tras la aprobaci\u00f3n de un plan de acciones concretas, cuya implementaci\u00f3n se prev\u00e9 sea antes de de finales de 2016. Como parte del acuerdo alcanzado, la UE se comprometi\u00f3 a crear un fondo fiduciario [&hellip;]<\/p>\n","protected":false},"author":3,"featured_media":0,"comment_status":"open","ping_status":"open","sticky":false,"template":"","format":"standard","meta":{"footnotes":""},"categories":[23],"tags":[],"class_list":["post-252487","post","type-post","status-publish","format-standard","hentry","category-internacional"],"_links":{"self":[{"href":"https:\/\/diariodominicano.com\/index.php?rest_route=\/wp\/v2\/posts\/252487","targetHints":{"allow":["GET"]}}],"collection":[{"href":"https:\/\/diariodominicano.com\/index.php?rest_route=\/wp\/v2\/posts"}],"about":[{"href":"https:\/\/diariodominicano.com\/index.php?rest_route=\/wp\/v2\/types\/post"}],"author":[{"embeddable":true,"href":"https:\/\/diariodominicano.com\/index.php?rest_route=\/wp\/v2\/users\/3"}],"replies":[{"embeddable":true,"href":"https:\/\/diariodominicano.com\/index.php?rest_route=%2Fwp%2Fv2%2Fcomments&post=252487"}],"version-history":[{"count":0,"href":"https:\/\/diariodominicano.com\/index.php?rest_route=\/wp\/v2\/posts\/252487\/revisions"}],"wp:attachment":[{"href":"https:\/\/diariodominicano.com\/index.php?rest_route=%2Fwp%2Fv2%2Fmedia&parent=252487"}],"wp:term":[{"taxonomy":"category","embeddable":true,"href":"https:\/\/diariodominicano.com\/index.php?rest_route=%2Fwp%2Fv2%2Fcategories&post=252487"},{"taxonomy":"post_tag","embeddable":true,"href":"https:\/\/diariodominicano.com\/index.php?rest_route=%2Fwp%2Fv2%2Ftags&post=252487"}],"curies":[{"name":"wp","href":"https:\/\/api.w.org\/{rel}","templated":true}]}}