{"id":252486,"date":"2015-11-12T13:06:33","date_gmt":"2015-11-12T13:06:33","guid":{"rendered":"http:\/\/diariodominicano.ddns.net\/?p=252486"},"modified":"2015-11-12T13:06:33","modified_gmt":"2015-11-12T13:06:33","slug":"ejercito-sirio-avanza-y-no-da-tregua-a-las-bandas-terroristas","status":"publish","type":"post","link":"https:\/\/diariodominicano.com\/?p=252486","title":{"rendered":"Ej\u00e9rcito sirio avanza y no da tregua a las bandas terroristas"},"content":{"rendered":"<p><body><\/p>\n<p><img decoding=\"async\" src=\"img3\/ejercitosirio.jpg\" \/>  <\/p>\n<p><span class=\"text1noticias\">\t <\/span><\/p>\n<p><span class=\"text1noticias\">  <\/span><\/p>\n<p><span class=\"text1noticias\">Por Miguel Fern\u00e1ndez Mart\u00ednez<\/span><\/p>\n<\/p>\n<p><span class=\"text1noticias\">Damasco, 12 nov (PL) Las recientes victorias alcanzadas por el ej\u00e9rcito sirio en varias regiones del pa\u00eds, demostraron la alta capacidad combativa de las fuerzas antiterroristas y enviaron un claro mensaje a las bandas armadas, que no habr\u00e1 tregua contra ellos.<\/span><\/p>\n<\/p>\n<p><span class=\"text1noticias\">El acontecimiento m\u00e1s reciente fue la derrota inflingida al grupo terrorista Estado Isl\u00e1mico (EI) en la base a\u00e9rea de Kweres, ubicada en el oriente de la provincia de Alepo, y a 430 kil\u00f3metros al noreste de esta capital, de donde fueron expulsados los takfiristas, despu\u00e9s de dos a\u00f1os de asedio.<\/span><\/p>\n<\/p>\n<p><span class=\"text1noticias\">Con esta contundente victoria de las tropas gubernamentales, cambi\u00f3 el mapa estrat\u00e9gico de la ofensiva antiterrorista, y eleva la capacidad movilizativa de fuerzas y medios hacia otros escenarios, todav\u00eda en manos de los grupos extremistas.<\/span><\/p>\n<\/p>\n<p><span class=\"text1noticias\">Recuperar la base a\u00e9rea de Kweres permitir\u00e1, en primer lugar, desplazar unidades a\u00e9reas de combate sirias y de la Fuerza Aeroespacial rusa, que ahora operan desde el aer\u00f3dromo militar de Jmeimim, en la occidental provincia de Latakia, hacia posiciones m\u00e1s avanzadas al centro-este del pa\u00eds.<\/span><\/p>\n<\/p>\n<p><span class=\"text1noticias\">A su vez, permitir\u00e1 fortalecer las operaciones militares hacia los territorios de Hama, Homs y Raqqa, y garantizar\u00e1 el apoyo aerotransportado de armas y avituallamientos a las tropas terrestres desplegadas en esas zonas.<\/span><\/p>\n<\/p>\n<p><span class=\"text1noticias\">La aviaci\u00f3n militar rusa tuvo un papel protag\u00f3nico en la liberaci\u00f3n de la base a\u00e9rea de Kweres, asegurando desde el aire, el desplazamiento de las unidades terrestres del ej\u00e9rcito sirio, en cooperaci\u00f3n con los Grupos de Defensa Nacional y las milicias libanesas de Hizbolah.<\/span><\/p>\n<\/p>\n<p><span class=\"text1noticias\">El sitio digital de la televisora libanesa al-Manar revel\u00f3 que en esta operaci\u00f3n participaron los aviones de asalto rusos Su-34 y Su-25, y helic\u00f3pteros MI-24, adem\u00e1s de los drones (aviones no tripulados) de reconocimiento, quienes apoyaron el avance de las unidades de infanter\u00eda y artiller\u00eda, encabezadas por el coronel Suhail al-Hassan.<\/span><\/p>\n<\/p>\n<p><span class=\"text1noticias\">Seg\u00fan un an\u00e1lisis publicado por al-Manar, la batalla por la liberaci\u00f3n de la base a\u00e9rea de Kweres permiti\u00f3 tambi\u00e9n perfeccionar la coordinaci\u00f3n entre los mandos en el frente de batalla y los estados mayores, que permitieron actuar con mayor autonom\u00eda a las tropas en el terreno.<\/span><\/p>\n<\/p>\n<p><span class=\"text1noticias\">Otro elemento a tener cuenta es el incremento de la moral combativa en las tropas gubernamentales, que jam\u00e1s se rindieron ante los constantes ataques del grupo Estado Isl\u00e1mico contra la base militar, a pesar del asedio y la imposibilidad de acceso por tierra a esta instalaci\u00f3n a\u00e9rea.<\/span><\/p>\n<\/p>\n<p><span class=\"text1noticias\">Por m\u00e1s de dos a\u00f1os, poco m\u00e1s de 100 soldados y oficiales, con el mayor general Munzer Zamma al frente, resistieron heroicamente los embates de las bandas extremistas, y no se rindieron, confiados en la victoria.<\/span><\/p>\n<\/p>\n<p><span class=\"text1noticias\">Tambi\u00e9n constituy\u00f3 un duro golpe para los grupos takfiristas, con una costosa derrota que aumenta su desmoralizaci\u00f3n, y los obliga a seguir pasando a la defensiva, ante un avance indetenible de las tropas sirias.<\/span><\/p>\n<\/p>\n<p><span class=\"text1noticias\">En el plano internacional, la victoria en Kweres reafirma una vez m\u00e1s que el ej\u00e9rcito sirio es la \u00fanica estructura militar capaz de vencer a los grupos terroristas que operan en este pa\u00eds \u00e1rabe, a pesar del apoyo financiero, log\u00edstico y en armamentos que reciben de Estados Unidos, algunas potencias occidentales y pa\u00edses de la regi\u00f3n.<\/span><\/p>\n<\/p>\n<p><span class=\"text1noticias\">Esto demuestra, a su vez, que la cooperaci\u00f3n militar ofrecida por Rusia, est\u00e1 dirigida a eliminar la capacidad de combate de las bandas takfiristas, eliminando sus principales v\u00edas de suministro desde pa\u00edses vecinos, lo que permite a las fuerzas armadas sirias, desplegar toda su capacidad en el terreno, y recuperar las posiciones ocupadas por los rebeldes armados.<\/span><\/p>\n<\/p>\n<p><span class=\"text1noticias\">Las recientes victorias conseguidas en Alepo, anuncian un cambio radical en el escenario b\u00e9lico del Levante, que no renuncia a la idea de ver una Siria libre de terrorismo.<\/span><\/p>\n<h6> 2015-11-12 13:06:33 <\/h6>\n<p><!--\n<link rel=\"stylesheet\" href=\"css\/bootstrap.min.css\">\n\n\n<ul class=\"pagination\">\n\t    \n\t\n\n<li >\n\t<a href='?page_no=22130'>Previous<\/a>\n\t<\/li>\n\n\n       \n    \n\n<li><a href='?page_no=1'>1<\/a><\/li>\n\n\n\n<li><a href='?page_no=2'>2<\/a><\/li>\n\n\n\n<li><a>...<\/a><\/li>\n\n\n\n<li><a href='?page_no=22129'>22129<\/a><\/li>\n\n\n\n<li><a href='?page_no=22130'>22130<\/a><\/li>\n\n\n\n<li class='active'><a>22131<\/a><\/li>\n\n\n\n<li><a href='?page_no=22132'>22132<\/a><\/li>\n\n\n\n<li><a href='?page_no=22133'>22133<\/a><\/li>\n\n\n\n<li><a>...<\/a><\/li>\n\n\n\n<li><a href='?page_no=51012'>51012<\/a><\/li>\n\n\n\n<li><a href='?page_no=51013'>51013<\/a><\/li>\n\n    \n\t\n\n<li >\n\t<a href='?page_no=22132'>Next<\/a>\n\t<\/li>\n\n\n    \n\n<li><a href='?page_no=51013'>Last &rsaquo;&rsaquo;<\/a><\/li>\n\n<\/ul>\n\n\n--><br \/>\n<\/body><\/p>\n","protected":false},"excerpt":{"rendered":"<p>Por Miguel Fern\u00e1ndez Mart\u00ednez Damasco, 12 nov (PL) Las recientes victorias alcanzadas por el ej\u00e9rcito sirio en varias regiones del pa\u00eds, demostraron la alta capacidad combativa de las fuerzas antiterroristas y enviaron un claro mensaje a las bandas armadas, que no habr\u00e1 tregua contra ellos. El acontecimiento m\u00e1s reciente fue la derrota inflingida al grupo [&hellip;]<\/p>\n","protected":false},"author":3,"featured_media":0,"comment_status":"open","ping_status":"open","sticky":false,"template":"","format":"standard","meta":{"footnotes":""},"categories":[23],"tags":[],"class_list":["post-252486","post","type-post","status-publish","format-standard","hentry","category-internacional"],"_links":{"self":[{"href":"https:\/\/diariodominicano.com\/index.php?rest_route=\/wp\/v2\/posts\/252486","targetHints":{"allow":["GET"]}}],"collection":[{"href":"https:\/\/diariodominicano.com\/index.php?rest_route=\/wp\/v2\/posts"}],"about":[{"href":"https:\/\/diariodominicano.com\/index.php?rest_route=\/wp\/v2\/types\/post"}],"author":[{"embeddable":true,"href":"https:\/\/diariodominicano.com\/index.php?rest_route=\/wp\/v2\/users\/3"}],"replies":[{"embeddable":true,"href":"https:\/\/diariodominicano.com\/index.php?rest_route=%2Fwp%2Fv2%2Fcomments&post=252486"}],"version-history":[{"count":0,"href":"https:\/\/diariodominicano.com\/index.php?rest_route=\/wp\/v2\/posts\/252486\/revisions"}],"wp:attachment":[{"href":"https:\/\/diariodominicano.com\/index.php?rest_route=%2Fwp%2Fv2%2Fmedia&parent=252486"}],"wp:term":[{"taxonomy":"category","embeddable":true,"href":"https:\/\/diariodominicano.com\/index.php?rest_route=%2Fwp%2Fv2%2Fcategories&post=252486"},{"taxonomy":"post_tag","embeddable":true,"href":"https:\/\/diariodominicano.com\/index.php?rest_route=%2Fwp%2Fv2%2Ftags&post=252486"}],"curies":[{"name":"wp","href":"https:\/\/api.w.org\/{rel}","templated":true}]}}